{"id":35345,"date":"2024-08-27T11:25:15","date_gmt":"2024-08-27T16:25:15","guid":{"rendered":"https:\/\/solidaridadnews.com\/?p=35345"},"modified":"2024-08-27T16:25:16","modified_gmt":"2024-08-27T16:25:16","slug":"lilian-villanueva-lidera-iniciativas-de-concientizacion-y-erradicacion-de-la-violencia-contra-las-mujeres-a-traves-del-ica-de-quintana-roo","status":"publish","type":"post","link":"https:\/\/solidaridadnews.com\/?p=35345","title":{"rendered":"Lilian Villanueva lidera iniciativas de concientizaci\u00f3n y erradicaci\u00f3n de la violencia contra las mujeres a trav\u00e9s del ICA de Quintana Roo"},"content":{"rendered":"<p>\ud83d\udd38 El Instituto de Cultura y las Artes se sum\u00f3 a la iniciativa \u00daNETE intensificando sus esfuerzos para promover la igualdad de g\u00e9nero y la seguridad en su comunidad<\/p>\n<p>#QUINTANAROO | El Instituto de Cultura y las Artes de Quintana Roo, bajo la direcci\u00f3n de Lilian Villanueva, ha lanzado una serie de actividades enfocadas en la concientizaci\u00f3n y erradicaci\u00f3n de la violencia contra mujeres y ni\u00f1as. La instituci\u00f3n se suma a la campa\u00f1a \u00daNETE, intensificando sus esfuerzos para promover la igualdad de g\u00e9nero y la seguridad en su comunidad.<\/p>\n<p>En el marco de esta importante campa\u00f1a, el Instituto de Cultura y las Artes ha organizado una capacitaci\u00f3n denominada \u201cPerspectiva de G\u00e9nero\u201d destinada a docentes de las escuelas de arte, casas de cultura y personal administrativo. Esta formaci\u00f3n est\u00e1 siendo impartida por el Instituto Quintanarroense de la Mujer (IQM), con el objetivo de sensibilizar a los participantes sobre la importancia de abordar la violencia de g\u00e9nero y fomentar un entorno m\u00e1s inclusivo y respetuoso.<\/p>\n<p>Lilian Villanueva, Directora del Instituto de Cultura y las Artes, expres\u00f3 su firme compromiso con la causa: \u201cNos enorgullece ser parte de la campa\u00f1a \u00daNETE y contribuir a la erradicaci\u00f3n de la violencia hacia las mujeres y las ni\u00f1as. La capacitaci\u00f3n \u2018Perspectiva de G\u00e9nero\u2019 es una herramienta crucial para que nuestro personal pueda identificar y abordar las desigualdades de g\u00e9nero de manera efectiva.\u201d<\/p>\n<p>El D\u00eda Naranja es una iniciativa global que se celebra el 25 de cada mes para visibilizar y prevenir la violencia de g\u00e9nero. La incorporaci\u00f3n de esta campa\u00f1a en el Instituto de Cultura y las Artes refleja un compromiso continuo con la construcci\u00f3n de una sociedad m\u00e1s equitativa y segura.<\/p>\n<p>Con estas acciones, el Instituto de Cultura y las Artes, bajo la direcci\u00f3n de Lilian Villanueva, busca no solo educar a su personal, sino tambi\u00e9n servir como modelo de buenas pr\u00e1cticas en la promoci\u00f3n de la igualdad de g\u00e9nero dentro del \u00e1mbito cultural y educativo.<\/p>\n","protected":false},"excerpt":{"rendered":"<p>\ud83d\udd38 El Instituto de Cultura y las Artes se sum\u00f3 a la iniciativa \u00daNETE intensificando sus esfuerzos para promover la igualdad de g\u00e9nero y la seguridad en su comunidad #QUINTANAROO | El Instituto de Cultura y las Artes de Quintana Roo, bajo la direcci\u00f3n de Lilian Villanueva, ha lanzado una serie de actividades enfocadas en [&hellip;]<\/p>\n","protected":false},"author":1,"featured_media":35347,"comment_status":"open","ping_status":"closed","sticky":false,"template":"","format":"standard","meta":{"footnotes":""},"categories":[5],"tags":[],"class_list":["post-35345","post","type-post","status-publish","format-standard","has-post-thumbnail","hentry","category-quintana-roo"],"_links":{"self":[{"href":"https:\/\/solidaridadnews.com\/index.php?rest_route=\/wp\/v2\/posts\/35345","targetHints":{"allow":["GET"]}}],"collection":[{"href":"https:\/\/solidaridadnews.com\/index.php?rest_route=\/wp\/v2\/posts"}],"about":[{"href":"https:\/\/solidaridadnews.com\/index.php?rest_route=\/wp\/v2\/types\/post"}],"author":[{"embeddable":true,"href":"https:\/\/solidaridadnews.com\/index.php?rest_route=\/wp\/v2\/users\/1"}],"replies":[{"embeddable":true,"href":"https:\/\/solidaridadnews.com\/index.php?rest_route=%2Fwp%2Fv2%2Fcomments&post=35345"}],"version-history":[{"count":1,"href":"https:\/\/solidaridadnews.com\/index.php?rest_route=\/wp\/v2\/posts\/35345\/revisions"}],"predecessor-version":[{"id":35346,"href":"https:\/\/solidaridadnews.com\/index.php?rest_route=\/wp\/v2\/posts\/35345\/revisions\/35346"}],"wp:featuredmedia":[{"embeddable":true,"href":"https:\/\/solidaridadnews.com\/index.php?rest_route=\/wp\/v2\/media\/35347"}],"wp:attachment":[{"href":"https:\/\/solidaridadnews.com\/index.php?rest_route=%2Fwp%2Fv2%2Fmedia&parent=35345"}],"wp:term":[{"taxonomy":"category","embeddable":true,"href":"https:\/\/solidaridadnews.com\/index.php?rest_route=%2Fwp%2Fv2%2Fcategories&post=35345"},{"taxonomy":"post_tag","embeddable":true,"href":"https:\/\/solidaridadnews.com\/index.php?rest_route=%2Fwp%2Fv2%2Ftags&post=35345"}],"curies":[{"name":"wp","href":"https:\/\/api.w.org\/{rel}","templated":true}]}}