{"id":35291,"date":"2024-08-24T15:15:00","date_gmt":"2024-08-24T20:15:00","guid":{"rendered":"https:\/\/solidaridadnews.com\/?p=35291"},"modified":"2024-08-25T01:55:07","modified_gmt":"2024-08-25T01:55:07","slug":"javier-aguirre-contemplara-a-alex-padilla-para-la-seleccion-mexicana","status":"publish","type":"post","link":"https:\/\/solidaridadnews.com\/?p=35291","title":{"rendered":"Javier Aguirre contemplar\u00e1 a Alex Padilla para la Selecci\u00f3n Mexicana"},"content":{"rendered":"<p>\ud83d\udd38El guardameta ya debut\u00f3 en La Liga con el Athletic de Bilbao y es una posibilidad para el Tri.<\/p>\n<p>#DEPORTES | Javier Aguirre, t\u00e9cnico de la Selecci\u00f3n Mexicana, contempla a Alex Padilla como una posibilidad y le estar\u00e1 dando seguimiento al guardameta del Athletic de Bilbao.<\/p>\n<p>El portero ser\u00e1 convocado a la Sub 23 para los compromisos que sostendr\u00e1n en contra de Panam\u00e1, sin embargo, esto le permitir\u00e1 a Javier Aguirre observarlo en entrenamientos ya que tanto la selecci\u00f3n mayor como la Sub 23 estar\u00e1n entrenando en el centro de alto rendimiento.<\/p>\n<p>\u201cLa FMF mand\u00f3 carta al Athletic de Bilbao para poder convocar con la Sub 23, pero sin ning\u00fan problema podr\u00eda estar entrenando con la Mayor, aprovechando que las dos Selecciones trabajar\u00e1n en el CAR durante algunos d\u00edas\u201d, revel\u00f3 en su cuenta de X, el periodista Gibr\u00e1n Araige.<\/p>\n<p>La selecci\u00f3n mayor iniciar\u00e1 su preparaci\u00f3n a partir del primero de septiembre y estar\u00e1 viajando a Los \u00c1ngeles el 5 del mismo mes.<\/p>\n<p>Alex Padilla es hijo de madre mexicana, aunque naci\u00f3 en Zarautz, San Sebasti\u00e1n; cuando ten\u00eda 3 meses de edad su familia se fue a Celaya y pas\u00f3 ah\u00ed sus primeros 10 a\u00f1os de vida.<\/p>\n<p>Este d\u00eda Alex Padilla est\u00e1 contemplado para ser futbolista titular contra el Barcelona en la segunda jornada de La Liga, ser\u00e1 el segundo partido de Padilla en la primera divisi\u00f3n espa\u00f1ola y la afici\u00f3n mexicana comienza a ilusionarse con un portero joven, pero con experiencia Europea.<\/p>\n<p>La selecci\u00f3n mexicana se estar\u00e1 enfrentando contra de Nueva Zelanda el partido amistoso el pr\u00f3ximo 7 de septiembre y ser\u00e1 el debut de Javier Aguirre y Rafael M\u00e1rquez en el cuerpo t\u00e9cnico del Tri.<\/p>\n","protected":false},"excerpt":{"rendered":"<p>\ud83d\udd38El guardameta ya debut\u00f3 en La Liga con el Athletic de Bilbao y es una posibilidad para el Tri. #DEPORTES | Javier Aguirre, t\u00e9cnico de la Selecci\u00f3n Mexicana, contempla a Alex Padilla como una posibilidad y le estar\u00e1 dando seguimiento al guardameta del Athletic de Bilbao. El portero ser\u00e1 convocado a la Sub 23 para [&hellip;]<\/p>\n","protected":false},"author":1,"featured_media":35293,"comment_status":"open","ping_status":"closed","sticky":false,"template":"","format":"standard","meta":{"footnotes":""},"categories":[6],"tags":[],"class_list":["post-35291","post","type-post","status-publish","format-standard","has-post-thumbnail","hentry","category-deportes"],"_links":{"self":[{"href":"https:\/\/solidaridadnews.com\/index.php?rest_route=\/wp\/v2\/posts\/35291","targetHints":{"allow":["GET"]}}],"collection":[{"href":"https:\/\/solidaridadnews.com\/index.php?rest_route=\/wp\/v2\/posts"}],"about":[{"href":"https:\/\/solidaridadnews.com\/index.php?rest_route=\/wp\/v2\/types\/post"}],"author":[{"embeddable":true,"href":"https:\/\/solidaridadnews.com\/index.php?rest_route=\/wp\/v2\/users\/1"}],"replies":[{"embeddable":true,"href":"https:\/\/solidaridadnews.com\/index.php?rest_route=%2Fwp%2Fv2%2Fcomments&post=35291"}],"version-history":[{"count":1,"href":"https:\/\/solidaridadnews.com\/index.php?rest_route=\/wp\/v2\/posts\/35291\/revisions"}],"predecessor-version":[{"id":35292,"href":"https:\/\/solidaridadnews.com\/index.php?rest_route=\/wp\/v2\/posts\/35291\/revisions\/35292"}],"wp:featuredmedia":[{"embeddable":true,"href":"https:\/\/solidaridadnews.com\/index.php?rest_route=\/wp\/v2\/media\/35293"}],"wp:attachment":[{"href":"https:\/\/solidaridadnews.com\/index.php?rest_route=%2Fwp%2Fv2%2Fmedia&parent=35291"}],"wp:term":[{"taxonomy":"category","embeddable":true,"href":"https:\/\/solidaridadnews.com\/index.php?rest_route=%2Fwp%2Fv2%2Fcategories&post=35291"},{"taxonomy":"post_tag","embeddable":true,"href":"https:\/\/solidaridadnews.com\/index.php?rest_route=%2Fwp%2Fv2%2Ftags&post=35291"}],"curies":[{"name":"wp","href":"https:\/\/api.w.org\/{rel}","templated":true}]}}