{"id":35152,"date":"2024-08-21T11:27:46","date_gmt":"2024-08-21T16:27:46","guid":{"rendered":"https:\/\/solidaridadnews.com\/?p=35152"},"modified":"2024-08-21T16:27:47","modified_gmt":"2024-08-21T16:27:47","slug":"quintana-roo-cierra-con-exito-su-participacion-en-la-35-feria-internacional-del-libro-de-antropologia-e-historia-lilian-villanueva","status":"publish","type":"post","link":"https:\/\/solidaridadnews.com\/?p=35152","title":{"rendered":"Quintana Roo cierra con \u00e9xito su participaci\u00f3n en la 35\u00b0 Feria Internacional del Libro de Antropolog\u00eda e Historia: Lilian Villanueva"},"content":{"rendered":"<p>\ud83d\udd38 La directora del Instituto de la Cultura y las Artes de Quintana Roo expres\u00f3 su entusiasmo y orgullo por el evento, resaltando el espect\u00e1culo de la actriz y cantautora chetumale\u00f1a Astrid Hadad<\/p>\n<p>#QUINTANAROO | La participaci\u00f3n de Quintana Roo en la 35\u00b0 Feria Internacional del Libro de Antropolog\u00eda e Historia (FILAH) lleg\u00f3 a su culminaci\u00f3n con un evento espectacular que dej\u00f3 una profunda impresi\u00f3n en los asistentes. Lilian Villanueva, Directora del Instituto de la Cultura y las Artes de Quintana Roo, destac\u00f3 el cierre \u201ccon broche de oro\u201d de la presencia del estado como invitado de honor en la feria.<\/p>\n<p>El gran final de la participaci\u00f3n quintanarroense fue marcado por el deslumbrante concierto \u201cPerformance Musical Fusi\u00f3n\u201d protagonizado por Astrid Hadad, una destacada actriz y cantautora con una reconocida trayectoria art\u00edstica a nivel nacional e internacional. Originaria de Chetumal, Hadad ofreci\u00f3 un espect\u00e1culo vibrante que llen\u00f3 el Foro Art\u00edstico del Museo Nacional de Antropolog\u00eda con una multitud de espectadores.<\/p>\n<p>La velada se distingui\u00f3 por su riqueza cultural, llevando a los asistentes a un viaje musical \u00fanico a trav\u00e9s de canciones que celebran la cultura mexicana. Hadad, conocida por su estilo vers\u00e1til que fusiona la m\u00fasica ranchera y el bolero con elementos de drama y comedia, ofreci\u00f3 una experiencia perform\u00e1tica que evoc\u00f3 la iconograf\u00eda y las artes populares de M\u00e9xico. Su actuaci\u00f3n no solo entretuvo, sino que tambi\u00e9n conmovi\u00f3 a la audiencia, creando un cierre espectacular para la participaci\u00f3n de Quintana Roo en la FILAH.<\/p>\n<p>Villanueva expres\u00f3 su entusiasmo y orgullo por el evento, resaltando que el espect\u00e1culo de Hadad \u201cnos llen\u00f3 el coraz\u00f3n con cada interpretaci\u00f3n\u201d y represent\u00f3 un colof\u00f3n majestuoso para la participaci\u00f3n de Quintana Roo en esta importante feria cultural. La destacada presencia del estado dej\u00f3 una impresi\u00f3n duradera, consolidando su rol en la promoci\u00f3n y celebraci\u00f3n de la rica herencia cultural mexicana.<\/p>\n","protected":false},"excerpt":{"rendered":"<p>\ud83d\udd38 La directora del Instituto de la Cultura y las Artes de Quintana Roo expres\u00f3 su entusiasmo y orgullo por el evento, resaltando el espect\u00e1culo de la actriz y cantautora chetumale\u00f1a Astrid Hadad #QUINTANAROO | La participaci\u00f3n de Quintana Roo en la 35\u00b0 Feria Internacional del Libro de Antropolog\u00eda e Historia (FILAH) lleg\u00f3 a su [&hellip;]<\/p>\n","protected":false},"author":1,"featured_media":35154,"comment_status":"open","ping_status":"closed","sticky":false,"template":"","format":"standard","meta":{"footnotes":""},"categories":[5],"tags":[],"class_list":["post-35152","post","type-post","status-publish","format-standard","has-post-thumbnail","hentry","category-quintana-roo"],"_links":{"self":[{"href":"https:\/\/solidaridadnews.com\/index.php?rest_route=\/wp\/v2\/posts\/35152","targetHints":{"allow":["GET"]}}],"collection":[{"href":"https:\/\/solidaridadnews.com\/index.php?rest_route=\/wp\/v2\/posts"}],"about":[{"href":"https:\/\/solidaridadnews.com\/index.php?rest_route=\/wp\/v2\/types\/post"}],"author":[{"embeddable":true,"href":"https:\/\/solidaridadnews.com\/index.php?rest_route=\/wp\/v2\/users\/1"}],"replies":[{"embeddable":true,"href":"https:\/\/solidaridadnews.com\/index.php?rest_route=%2Fwp%2Fv2%2Fcomments&post=35152"}],"version-history":[{"count":1,"href":"https:\/\/solidaridadnews.com\/index.php?rest_route=\/wp\/v2\/posts\/35152\/revisions"}],"predecessor-version":[{"id":35153,"href":"https:\/\/solidaridadnews.com\/index.php?rest_route=\/wp\/v2\/posts\/35152\/revisions\/35153"}],"wp:featuredmedia":[{"embeddable":true,"href":"https:\/\/solidaridadnews.com\/index.php?rest_route=\/wp\/v2\/media\/35154"}],"wp:attachment":[{"href":"https:\/\/solidaridadnews.com\/index.php?rest_route=%2Fwp%2Fv2%2Fmedia&parent=35152"}],"wp:term":[{"taxonomy":"category","embeddable":true,"href":"https:\/\/solidaridadnews.com\/index.php?rest_route=%2Fwp%2Fv2%2Fcategories&post=35152"},{"taxonomy":"post_tag","embeddable":true,"href":"https:\/\/solidaridadnews.com\/index.php?rest_route=%2Fwp%2Fv2%2Ftags&post=35152"}],"curies":[{"name":"wp","href":"https:\/\/api.w.org\/{rel}","templated":true}]}}