{"id":35131,"date":"2024-08-20T11:41:36","date_gmt":"2024-08-20T16:41:36","guid":{"rendered":"https:\/\/solidaridadnews.com\/?p=35131"},"modified":"2024-08-20T16:41:36","modified_gmt":"2024-08-20T16:41:36","slug":"kylian-mbappe-lanza-demanda-millonaria-contra-paris-saint-germain","status":"publish","type":"post","link":"https:\/\/solidaridadnews.com\/?p=35131","title":{"rendered":"Kylian Mbapp\u00e9 lanza demanda millonaria contra Par\u00eds Saint-Germain"},"content":{"rendered":"<p>El futbolista del Real Madrid exige pago de m\u00e1s de 50 millones de euros<\/p>\n<p>Kylian Mbapp\u00e9 no baja los brazos contra el Par\u00eds Saint-Germain, el hoy jugador del Real Madrid exige su pago de 55 millones de euros brutos.<\/p>\n<p>Mbapp\u00e9 envi\u00f3 la reclamaci\u00f3n a la comisi\u00f3n jur\u00eddica de la Liga de Futbol Profesional de Francia (LFP), y la Uni\u00f3n de Asociaciones Europeas de Futbol (UEFA), seg\u00fan informes de Le Monde.<br \/>\nEl franc\u00e9s considera la cantidad por el \u00faltimo tercio de una bonificaci\u00f3n por fichaje de 36 millones de euros que debi\u00f3 recibir en febrero, as\u00ed como los salarios que no percibi\u00f3 de los meses de abril, mayo y junio, adem\u00e1s de una bonificaci\u00f3n \u00e9tica relativa al mismo per\u00edodo.<\/p>\n<p>La disputa empez\u00f3 a inicios del mes de agosto con la denuncia ante la LFP, basada en el art\u00edculo 259 de los estatutos del futbol profesional en busca de activar el poder disciplinario que podr\u00eda arrojar la prohibici\u00f3n de contratar nuevos jugadores al PSG hasta que se regularice la situaci\u00f3n de pagos.<\/p>\n<p>Tambi\u00e9n se menciona que adem\u00e1s de la prohibici\u00f3n de fichar en el mercado de traspasos, podr\u00eda perder su licencia UEFA y con ello ser descartado de jugar Champions League.<\/p>\n<p>El proceso seguir\u00e1 desarroll\u00e1ndose en busca de alcanzar el objetivo que se propone la estrella del Real Madrid.<\/p>\n","protected":false},"excerpt":{"rendered":"<p>El futbolista del Real Madrid exige pago de m\u00e1s de 50 millones de euros Kylian Mbapp\u00e9 no baja los brazos contra el Par\u00eds Saint-Germain, el hoy jugador del Real Madrid exige su pago de 55 millones de euros brutos. Mbapp\u00e9 envi\u00f3 la reclamaci\u00f3n a la comisi\u00f3n jur\u00eddica de la Liga de Futbol Profesional de Francia [&hellip;]<\/p>\n","protected":false},"author":1,"featured_media":35133,"comment_status":"open","ping_status":"closed","sticky":false,"template":"","format":"standard","meta":{"footnotes":""},"categories":[6],"tags":[],"class_list":["post-35131","post","type-post","status-publish","format-standard","has-post-thumbnail","hentry","category-deportes"],"_links":{"self":[{"href":"https:\/\/solidaridadnews.com\/index.php?rest_route=\/wp\/v2\/posts\/35131","targetHints":{"allow":["GET"]}}],"collection":[{"href":"https:\/\/solidaridadnews.com\/index.php?rest_route=\/wp\/v2\/posts"}],"about":[{"href":"https:\/\/solidaridadnews.com\/index.php?rest_route=\/wp\/v2\/types\/post"}],"author":[{"embeddable":true,"href":"https:\/\/solidaridadnews.com\/index.php?rest_route=\/wp\/v2\/users\/1"}],"replies":[{"embeddable":true,"href":"https:\/\/solidaridadnews.com\/index.php?rest_route=%2Fwp%2Fv2%2Fcomments&post=35131"}],"version-history":[{"count":1,"href":"https:\/\/solidaridadnews.com\/index.php?rest_route=\/wp\/v2\/posts\/35131\/revisions"}],"predecessor-version":[{"id":35132,"href":"https:\/\/solidaridadnews.com\/index.php?rest_route=\/wp\/v2\/posts\/35131\/revisions\/35132"}],"wp:featuredmedia":[{"embeddable":true,"href":"https:\/\/solidaridadnews.com\/index.php?rest_route=\/wp\/v2\/media\/35133"}],"wp:attachment":[{"href":"https:\/\/solidaridadnews.com\/index.php?rest_route=%2Fwp%2Fv2%2Fmedia&parent=35131"}],"wp:term":[{"taxonomy":"category","embeddable":true,"href":"https:\/\/solidaridadnews.com\/index.php?rest_route=%2Fwp%2Fv2%2Fcategories&post=35131"},{"taxonomy":"post_tag","embeddable":true,"href":"https:\/\/solidaridadnews.com\/index.php?rest_route=%2Fwp%2Fv2%2Ftags&post=35131"}],"curies":[{"name":"wp","href":"https:\/\/api.w.org\/{rel}","templated":true}]}}