{"id":35125,"date":"2024-08-20T11:30:45","date_gmt":"2024-08-20T16:30:45","guid":{"rendered":"https:\/\/solidaridadnews.com\/?p=35125"},"modified":"2024-08-20T16:30:46","modified_gmt":"2024-08-20T16:30:46","slug":"muere-maria-branyas-a-los-117-anos-la-persona-mas-longeva-del-mundo","status":"publish","type":"post","link":"https:\/\/solidaridadnews.com\/?p=35125","title":{"rendered":"Muere Mar\u00eda Branyas a los 117 a\u00f1os, la persona m\u00e1s longeva del mundo"},"content":{"rendered":"<p>\ud83d\udd38 Maria Branyas falleci\u00f3 en Olot (Girona) la madrugada del lunes, seg\u00fan inform\u00f3 su familia en redes sociales<\/p>\n<p>Maria Branyas, la persona m\u00e1s longeva del mundo, ha fallecido a los 117 a\u00f1os en Olot (Girona). Su familia ha comunicado mediante la red social \u00abX\u00bb que muri\u00f3 \u00abcomo ella quer\u00eda: mientras dorm\u00eda, tranquila y sin dolor\u00bb.<\/p>\n<p>En el mensaje, expresan que siempre la recordar\u00e1n por sus consejos y bondad, citando algunas de las palabras que les comparti\u00f3 recientemente: : \u201cUn d\u00eda que desconozco, pero que est\u00e1 muy cerca, este largo viaje habr\u00e1 terminado. La muerte me encontrar\u00e1 gastada de haber vivido tanto, pero quiero que me encuentre sonriendo, libre y satisfecha\u201d.<\/p>\n<p>Mar\u00eda Branyas Branyas, nacida el 4 de marzo de 1907, fue la persona m\u00e1s anciana del mundo desde enero de 2023, tras el fallecimiento de Lucile Randon. Originaria de San Francisco, se traslad\u00f3 a Catalu\u00f1a a los ocho a\u00f1os y viv\u00eda en una residencia en Olot, Girona. Conocida como la &#8216;super abuela&#8217; en redes sociales, se uni\u00f3 a Twitter en 2019, donde ten\u00eda unos 13.600 seguidores y compart\u00eda sobre su familia, que incluye tres hijos, once nietos y trece bisnietos. Tras su muerte, el t\u00edtulo de persona m\u00e1s anciana del mundo pas\u00f3 a la japonesa Tomiko Itooka, nacida el 23 de mayo de 1908.<\/p>\n","protected":false},"excerpt":{"rendered":"<p>\ud83d\udd38 Maria Branyas falleci\u00f3 en Olot (Girona) la madrugada del lunes, seg\u00fan inform\u00f3 su familia en redes sociales Maria Branyas, la persona m\u00e1s longeva del mundo, ha fallecido a los 117 a\u00f1os en Olot (Girona). Su familia ha comunicado mediante la red social \u00abX\u00bb que muri\u00f3 \u00abcomo ella quer\u00eda: mientras dorm\u00eda, tranquila y sin dolor\u00bb. [&hellip;]<\/p>\n","protected":false},"author":1,"featured_media":35127,"comment_status":"open","ping_status":"closed","sticky":false,"template":"","format":"standard","meta":{"footnotes":""},"categories":[9],"tags":[],"class_list":["post-35125","post","type-post","status-publish","format-standard","has-post-thumbnail","hentry","category-internacional"],"_links":{"self":[{"href":"https:\/\/solidaridadnews.com\/index.php?rest_route=\/wp\/v2\/posts\/35125","targetHints":{"allow":["GET"]}}],"collection":[{"href":"https:\/\/solidaridadnews.com\/index.php?rest_route=\/wp\/v2\/posts"}],"about":[{"href":"https:\/\/solidaridadnews.com\/index.php?rest_route=\/wp\/v2\/types\/post"}],"author":[{"embeddable":true,"href":"https:\/\/solidaridadnews.com\/index.php?rest_route=\/wp\/v2\/users\/1"}],"replies":[{"embeddable":true,"href":"https:\/\/solidaridadnews.com\/index.php?rest_route=%2Fwp%2Fv2%2Fcomments&post=35125"}],"version-history":[{"count":1,"href":"https:\/\/solidaridadnews.com\/index.php?rest_route=\/wp\/v2\/posts\/35125\/revisions"}],"predecessor-version":[{"id":35126,"href":"https:\/\/solidaridadnews.com\/index.php?rest_route=\/wp\/v2\/posts\/35125\/revisions\/35126"}],"wp:featuredmedia":[{"embeddable":true,"href":"https:\/\/solidaridadnews.com\/index.php?rest_route=\/wp\/v2\/media\/35127"}],"wp:attachment":[{"href":"https:\/\/solidaridadnews.com\/index.php?rest_route=%2Fwp%2Fv2%2Fmedia&parent=35125"}],"wp:term":[{"taxonomy":"category","embeddable":true,"href":"https:\/\/solidaridadnews.com\/index.php?rest_route=%2Fwp%2Fv2%2Fcategories&post=35125"},{"taxonomy":"post_tag","embeddable":true,"href":"https:\/\/solidaridadnews.com\/index.php?rest_route=%2Fwp%2Fv2%2Ftags&post=35125"}],"curies":[{"name":"wp","href":"https:\/\/api.w.org\/{rel}","templated":true}]}}