{"id":35122,"date":"2024-08-20T11:14:21","date_gmt":"2024-08-20T16:14:21","guid":{"rendered":"https:\/\/solidaridadnews.com\/?p=35122"},"modified":"2024-08-20T16:14:21","modified_gmt":"2024-08-20T16:14:21","slug":"claudia-sanchez-participa-en-reunion-plenaria-de-diputados-del-partido-verde","status":"publish","type":"post","link":"https:\/\/solidaridadnews.com\/?p=35122","title":{"rendered":"Claudia S\u00e1nchez participa en reuni\u00f3n plenaria de diputados del Partido Verde"},"content":{"rendered":"<p>\ud83d\udd38La legisladora federal electa afirma que el objetivo principal es elevar la calidad de vida en M\u00e9xico, en l\u00ednea con el compromiso de la Cuarta Transformaci\u00f3n.<\/p>\n<p>#ESTADODEM\u00c9XICO Los diputados Verdes de M\u00e9xico ayer llevaron a cabo su primera Reuni\u00f3n Plenaria en San Luis Potos\u00ed, donde discutieron las estrategias para avanzar en su agenda legislativa.<\/p>\n<p>Tras el encuentro, la diputada federal electa Claudia S\u00e1nchez Ju\u00e1rez subray\u00f3 la importancia de trazar una ruta clara que gu\u00ede el trabajo legislativo, tanto en el Congreso de la Uni\u00f3n como en las c\u00e1maras estatales.<\/p>\n<p>La legisladora destac\u00f3 que el objetivo principal es elevar la calidad de vida en M\u00e9xico, en l\u00ednea con el compromiso de la Cuarta Transformaci\u00f3n con una agenda verde y sostenible.<\/p>\n","protected":false},"excerpt":{"rendered":"<p>\ud83d\udd38La legisladora federal electa afirma que el objetivo principal es elevar la calidad de vida en M\u00e9xico, en l\u00ednea con el compromiso de la Cuarta Transformaci\u00f3n. #ESTADODEM\u00c9XICO Los diputados Verdes de M\u00e9xico ayer llevaron a cabo su primera Reuni\u00f3n Plenaria en San Luis Potos\u00ed, donde discutieron las estrategias para avanzar en su agenda legislativa. Tras [&hellip;]<\/p>\n","protected":false},"author":1,"featured_media":35124,"comment_status":"open","ping_status":"closed","sticky":false,"template":"","format":"standard","meta":{"footnotes":""},"categories":[24],"tags":[],"class_list":["post-35122","post","type-post","status-publish","format-standard","has-post-thumbnail","hentry","category-edomex"],"_links":{"self":[{"href":"https:\/\/solidaridadnews.com\/index.php?rest_route=\/wp\/v2\/posts\/35122","targetHints":{"allow":["GET"]}}],"collection":[{"href":"https:\/\/solidaridadnews.com\/index.php?rest_route=\/wp\/v2\/posts"}],"about":[{"href":"https:\/\/solidaridadnews.com\/index.php?rest_route=\/wp\/v2\/types\/post"}],"author":[{"embeddable":true,"href":"https:\/\/solidaridadnews.com\/index.php?rest_route=\/wp\/v2\/users\/1"}],"replies":[{"embeddable":true,"href":"https:\/\/solidaridadnews.com\/index.php?rest_route=%2Fwp%2Fv2%2Fcomments&post=35122"}],"version-history":[{"count":1,"href":"https:\/\/solidaridadnews.com\/index.php?rest_route=\/wp\/v2\/posts\/35122\/revisions"}],"predecessor-version":[{"id":35123,"href":"https:\/\/solidaridadnews.com\/index.php?rest_route=\/wp\/v2\/posts\/35122\/revisions\/35123"}],"wp:featuredmedia":[{"embeddable":true,"href":"https:\/\/solidaridadnews.com\/index.php?rest_route=\/wp\/v2\/media\/35124"}],"wp:attachment":[{"href":"https:\/\/solidaridadnews.com\/index.php?rest_route=%2Fwp%2Fv2%2Fmedia&parent=35122"}],"wp:term":[{"taxonomy":"category","embeddable":true,"href":"https:\/\/solidaridadnews.com\/index.php?rest_route=%2Fwp%2Fv2%2Fcategories&post=35122"},{"taxonomy":"post_tag","embeddable":true,"href":"https:\/\/solidaridadnews.com\/index.php?rest_route=%2Fwp%2Fv2%2Ftags&post=35122"}],"curies":[{"name":"wp","href":"https:\/\/api.w.org\/{rel}","templated":true}]}}