{"id":34952,"date":"2024-08-13T11:31:40","date_gmt":"2024-08-13T16:31:40","guid":{"rendered":"https:\/\/solidaridadnews.com\/?p=34952"},"modified":"2024-08-13T16:31:41","modified_gmt":"2024-08-13T16:31:41","slug":"giovani-gutierrez-refuerza-el-compromiso-del-gobierno-de-coyoacan-con-la-comunidad","status":"publish","type":"post","link":"https:\/\/solidaridadnews.com\/?p=34952","title":{"rendered":"Giovani Guti\u00e9rrez refuerza el compromiso del gobierno de Coyoac\u00e1n con la comunidad"},"content":{"rendered":"<p>#CDMX | Desde temprano, el alcalde de Coyoac\u00e1n, Giovani Guti\u00e9rrez, lider\u00f3 una reuni\u00f3n con su gabinete de gobierno para evaluar los avances en las iniciativas locales y planificar nuevas acciones en favor de la comunidad.<\/p>\n<p>Guti\u00e9rrez subray\u00f3 que el equipo de gobierno est\u00e1 comprometido a trabajar intensamente para mejorar la calidad de vida de los habitantes de Coyoac\u00e1n.<\/p>\n<p>\u201cLas familias de Coyoac\u00e1n cuentan con un gobierno que trabaja todos los d\u00edas y a todas horas para que puedan vivir mejor\u201d, asegur\u00f3 el alcalde, enfatizando el compromiso continuo de su administraci\u00f3n con el bienestar de los ciudadanos.<\/p>\n<p>Esta reuni\u00f3n refleja el enfoque proactivo del gobierno local en la implementaci\u00f3n de pol\u00edticas efectivas y en la respuesta a las necesidades de la comunidad, consolidando as\u00ed la dedicaci\u00f3n del alcalde Guti\u00e9rrez a su misi\u00f3n de servicio p\u00fablico.<\/p>\n","protected":false},"excerpt":{"rendered":"<p>#CDMX | Desde temprano, el alcalde de Coyoac\u00e1n, Giovani Guti\u00e9rrez, lider\u00f3 una reuni\u00f3n con su gabinete de gobierno para evaluar los avances en las iniciativas locales y planificar nuevas acciones en favor de la comunidad. Guti\u00e9rrez subray\u00f3 que el equipo de gobierno est\u00e1 comprometido a trabajar intensamente para mejorar la calidad de vida de los [&hellip;]<\/p>\n","protected":false},"author":1,"featured_media":34954,"comment_status":"open","ping_status":"closed","sticky":false,"template":"","format":"standard","meta":{"footnotes":""},"categories":[16],"tags":[],"class_list":["post-34952","post","type-post","status-publish","format-standard","has-post-thumbnail","hentry","category-cdmx"],"_links":{"self":[{"href":"https:\/\/solidaridadnews.com\/index.php?rest_route=\/wp\/v2\/posts\/34952","targetHints":{"allow":["GET"]}}],"collection":[{"href":"https:\/\/solidaridadnews.com\/index.php?rest_route=\/wp\/v2\/posts"}],"about":[{"href":"https:\/\/solidaridadnews.com\/index.php?rest_route=\/wp\/v2\/types\/post"}],"author":[{"embeddable":true,"href":"https:\/\/solidaridadnews.com\/index.php?rest_route=\/wp\/v2\/users\/1"}],"replies":[{"embeddable":true,"href":"https:\/\/solidaridadnews.com\/index.php?rest_route=%2Fwp%2Fv2%2Fcomments&post=34952"}],"version-history":[{"count":1,"href":"https:\/\/solidaridadnews.com\/index.php?rest_route=\/wp\/v2\/posts\/34952\/revisions"}],"predecessor-version":[{"id":34953,"href":"https:\/\/solidaridadnews.com\/index.php?rest_route=\/wp\/v2\/posts\/34952\/revisions\/34953"}],"wp:featuredmedia":[{"embeddable":true,"href":"https:\/\/solidaridadnews.com\/index.php?rest_route=\/wp\/v2\/media\/34954"}],"wp:attachment":[{"href":"https:\/\/solidaridadnews.com\/index.php?rest_route=%2Fwp%2Fv2%2Fmedia&parent=34952"}],"wp:term":[{"taxonomy":"category","embeddable":true,"href":"https:\/\/solidaridadnews.com\/index.php?rest_route=%2Fwp%2Fv2%2Fcategories&post=34952"},{"taxonomy":"post_tag","embeddable":true,"href":"https:\/\/solidaridadnews.com\/index.php?rest_route=%2Fwp%2Fv2%2Ftags&post=34952"}],"curies":[{"name":"wp","href":"https:\/\/api.w.org\/{rel}","templated":true}]}}