{"id":34946,"date":"2024-08-13T11:28:08","date_gmt":"2024-08-13T16:28:08","guid":{"rendered":"https:\/\/solidaridadnews.com\/?p=34946"},"modified":"2024-08-13T16:28:09","modified_gmt":"2024-08-13T16:28:09","slug":"investigan-posible-impacto-ambiental-por-videoclip-de-katy-perry-en-isla-espanola","status":"publish","type":"post","link":"https:\/\/solidaridadnews.com\/?p=34946","title":{"rendered":"Investigan posible impacto ambiental por videoclip de Katy Perry en isla espa\u00f1ola"},"content":{"rendered":"<p>\ud83d\udd38 En su grabaci\u00f3n de Lifetimes, la cantante aparece al interior del sistema dunar de s\u2019Espalmador, dentro de una zona delimitada al estar prohibido el paso<\/p>\n<p>El Gobierno de las islas Baleares (este Espa\u00f1a) abri\u00f3 actuaciones previas de investigaci\u00f3n para determinar si el rodaje del \u00faltimo videoclip de la cantante estadounidense Katy Perry incurri\u00f3 en una infracci\u00f3n, al no tener permiso de grabaci\u00f3n en el paraje natural del islote espa\u00f1ol de s\u2019Espalmador de Formentera.<\/p>\n<p>Este islote forma parte del Parque Natural de ses Salines de Ibiza y Formentera (islas Baleares) y, en un comunicado, el Gobierno Balear aclar\u00f3 que la productora de esta grabaci\u00f3n \u201cen ning\u00fan caso\u201d solicit\u00f3 la autorizaci\u00f3n necesaria para llevar a cabo este rodaje.<\/p>\n<p>La estrella norteamericana rod\u00f3 su \u00faltimo videoclip, \u2018Lifetimes\u2018, en las islas de Ibiza y Formentera, con escenas en las que aparece bailando y saltando en distintos emplazamientos, como zonas urbanas, una concurrida discoteca y en parajes naturales, como el interior del sistema dunar de s\u2019Espalmador, dentro de una zona delimitada por palos y cuerdas que indican que est\u00e1 prohibido el paso, en la que tambi\u00e9n habr\u00eda estado todo su equipo de grabaci\u00f3n.<\/p>\n<p>El Gobierno balear tambi\u00e9n aclar\u00f3 que no se tratar\u00eda de un delito contra el medioambiente sino de una infracci\u00f3n, ya que la autoridad medioambiental puede dar permiso para la filmaci\u00f3n de reportajes fotogr\u00e1ficos o videos.<\/p>\n<p>En concreto, el art\u00edculo 65 del Plan de Ordenaci\u00f3n de los Recursos Naturales (PORN) afirma que las filmaciones requieren de autorizaci\u00f3n expresa de la autoridad competente en materia de medioambiente, sin perjuicio de las que concedan otros organismos o instituciones.<\/p>\n<p>Junto a la famosa playa de ses Illetes de Formentera, las dunas de s\u2019Espalmador configuran el sistema dunar mejor conservado de Baleares y tiene un \u201cgran valor ecol\u00f3gico\u201d, indica el Gobierno balear en su web tur\u00edstica https:\/\/www.illesbalears.travel\/es.<\/p>\n<p>S\u2019Espalmador es un islote privado situado al norte de la isla de Formentera y forma parte desde 1980 del Parque Natural de ses Salines de Ibiza y Formentera. Tiene aproximadamente 2.9 kil\u00f3metros de longitud y 800 metros de anchura (137 hect\u00e1reas).<\/p>\n<p>Katy Perry no es la \u00fanica estrella norteamericana que aprovech\u00f3 su estancia en Ibiza y Formentera para trabajar. El actor Will Smith eligi\u00f3 el estudio de grabaci\u00f3n de un hotel de lujo del norte de Ibiza para grabar su \u00faltima canci\u00f3n.<\/p>\n<p>Smith comparti\u00f3 en la red social Instagram un \u2018reel\u2019 titulado \u2018Ibiza sunset vibes\u2019 donde aparece rapeando y cantando parte de su canci\u00f3n, con im\u00e1genes de la puesta de sol desde Ibiza y acompa\u00f1ado por amigos.<\/p>\n","protected":false},"excerpt":{"rendered":"<p>\ud83d\udd38 En su grabaci\u00f3n de Lifetimes, la cantante aparece al interior del sistema dunar de s\u2019Espalmador, dentro de una zona delimitada al estar prohibido el paso El Gobierno de las islas Baleares (este Espa\u00f1a) abri\u00f3 actuaciones previas de investigaci\u00f3n para determinar si el rodaje del \u00faltimo videoclip de la cantante estadounidense Katy Perry incurri\u00f3 en [&hellip;]<\/p>\n","protected":false},"author":1,"featured_media":34948,"comment_status":"open","ping_status":"closed","sticky":false,"template":"","format":"standard","meta":{"footnotes":""},"categories":[3],"tags":[],"class_list":["post-34946","post","type-post","status-publish","format-standard","has-post-thumbnail","hentry","category-espectaculos"],"_links":{"self":[{"href":"https:\/\/solidaridadnews.com\/index.php?rest_route=\/wp\/v2\/posts\/34946","targetHints":{"allow":["GET"]}}],"collection":[{"href":"https:\/\/solidaridadnews.com\/index.php?rest_route=\/wp\/v2\/posts"}],"about":[{"href":"https:\/\/solidaridadnews.com\/index.php?rest_route=\/wp\/v2\/types\/post"}],"author":[{"embeddable":true,"href":"https:\/\/solidaridadnews.com\/index.php?rest_route=\/wp\/v2\/users\/1"}],"replies":[{"embeddable":true,"href":"https:\/\/solidaridadnews.com\/index.php?rest_route=%2Fwp%2Fv2%2Fcomments&post=34946"}],"version-history":[{"count":1,"href":"https:\/\/solidaridadnews.com\/index.php?rest_route=\/wp\/v2\/posts\/34946\/revisions"}],"predecessor-version":[{"id":34947,"href":"https:\/\/solidaridadnews.com\/index.php?rest_route=\/wp\/v2\/posts\/34946\/revisions\/34947"}],"wp:featuredmedia":[{"embeddable":true,"href":"https:\/\/solidaridadnews.com\/index.php?rest_route=\/wp\/v2\/media\/34948"}],"wp:attachment":[{"href":"https:\/\/solidaridadnews.com\/index.php?rest_route=%2Fwp%2Fv2%2Fmedia&parent=34946"}],"wp:term":[{"taxonomy":"category","embeddable":true,"href":"https:\/\/solidaridadnews.com\/index.php?rest_route=%2Fwp%2Fv2%2Fcategories&post=34946"},{"taxonomy":"post_tag","embeddable":true,"href":"https:\/\/solidaridadnews.com\/index.php?rest_route=%2Fwp%2Fv2%2Ftags&post=34946"}],"curies":[{"name":"wp","href":"https:\/\/api.w.org\/{rel}","templated":true}]}}