{"id":34925,"date":"2024-08-12T11:53:55","date_gmt":"2024-08-12T16:53:55","guid":{"rendered":"https:\/\/solidaridadnews.com\/?p=34925"},"modified":"2024-08-12T16:53:56","modified_gmt":"2024-08-12T16:53:56","slug":"conferencia-magistral-destaca-la-singularidad-del-habla-en-quintana-roo-en-la-35-feria-internacional-del-libro-de-antropologia-e-historia","status":"publish","type":"post","link":"https:\/\/solidaridadnews.com\/?p=34925","title":{"rendered":"Conferencia magistral destaca la singularidad del habla en Quintana Roo, en la 35\u00b0 Feria Internacional del Libro de Antropolog\u00eda e Historia"},"content":{"rendered":"<p>\ud83d\udd38 Estos eventos subrayan la importancia de espacios que fomenten el di\u00e1logo y el intercambio de conocimientos sobre temas fundamentales para la comprensi\u00f3n de la diversidad cultural y ling\u00fc\u00edstica<\/p>\n<p>#QUINTANAROO | La 35\u00b0 Feria Internacional del Libro de Antropolog\u00eda e Historia, donde Quintana Roo es estado invitado, fue escenario de la conferencia magistral titulada \u201cEl habla de Quintana Roo\u201d, presentada por el Dr. Ra\u00fal Ar\u00edstides P\u00e9rez Aguilar, renombrado autor y experto en ling\u00fc\u00edstica. La conferencia, celebrada bajo la moderaci\u00f3n de Wildernain Villegas, se centr\u00f3 en la riqueza y particularidades del habla en la entidad.<\/p>\n<p>El Dr. P\u00e9rez Aguilar, conocido por sus m\u00faltiples publicaciones en revistas culturales y cient\u00edficas tanto en M\u00e9xico como en Europa, ofreci\u00f3 una profunda exploraci\u00f3n sobre las formas y usos del espa\u00f1ol en Quintana Roo. En su exposici\u00f3n, destac\u00f3 la influencia significativa del idioma maya y las herencias ling\u00fc\u00edsticas yucatecas en el habla regional.<\/p>\n<p>Durante su presentaci\u00f3n, P\u00e9rez Aguilar explic\u00f3 c\u00f3mo la presencia de una parte de la poblaci\u00f3n maya hablante y las influencias hist\u00f3ricas han dado lugar a un habla muy distintiva en el estado. Esta mezcla cultural y ling\u00fc\u00edstica ha generado una forma particular de comunicaci\u00f3n que refleja la rica herencia hist\u00f3rica y cultural de la regi\u00f3n.<\/p>\n<p>La conferencia no solo permiti\u00f3 apreciar la diversidad ling\u00fc\u00edstica de Quintana Roo, sino tambi\u00e9n subray\u00f3 la importancia de preservar y valorar el patrimonio ling\u00fc\u00edstico como un componente crucial de la identidad cultural. Acciones impulsadas por el Instituto de la Cultura y las Artes (ICA) de Quintana Roo, dirigido por Lilian Villanueva.<\/p>\n<p>La participaci\u00f3n del Dr. P\u00e9rez Aguilar en esta feria refuerza el compromiso de la Feria Internacional del Libro de Antropolog\u00eda e Historia con la promoci\u00f3n del conocimiento y la valorizaci\u00f3n de la diversidad cultural y ling\u00fc\u00edstica. Su intervenci\u00f3n ofreci\u00f3 a los asistentes una perspectiva enriquecedora sobre el habla en Quintana Roo, evidenciando c\u00f3mo el pasado y el presente ling\u00fc\u00edstico se entrelazan para formar una identidad \u00fanica en la regi\u00f3n.<\/p>\n<p>Este tipo de eventos subraya la importancia de espacios que fomenten el di\u00e1logo y el intercambio de conocimientos sobre temas fundamentales para la comprensi\u00f3n de la diversidad cultural y ling\u00fc\u00edstica. La Feria Internacional del Libro de Antropolog\u00eda e Historia contin\u00faa siendo un punto de encuentro crucial para acad\u00e9micos, expertos y el p\u00fablico en general interesado en la riqueza del patrimonio cultural.<\/p>\n","protected":false},"excerpt":{"rendered":"<p>\ud83d\udd38 Estos eventos subrayan la importancia de espacios que fomenten el di\u00e1logo y el intercambio de conocimientos sobre temas fundamentales para la comprensi\u00f3n de la diversidad cultural y ling\u00fc\u00edstica #QUINTANAROO | La 35\u00b0 Feria Internacional del Libro de Antropolog\u00eda e Historia, donde Quintana Roo es estado invitado, fue escenario de la conferencia magistral titulada \u201cEl [&hellip;]<\/p>\n","protected":false},"author":1,"featured_media":34927,"comment_status":"open","ping_status":"closed","sticky":false,"template":"","format":"standard","meta":{"footnotes":""},"categories":[5],"tags":[],"class_list":["post-34925","post","type-post","status-publish","format-standard","has-post-thumbnail","hentry","category-quintana-roo"],"_links":{"self":[{"href":"https:\/\/solidaridadnews.com\/index.php?rest_route=\/wp\/v2\/posts\/34925","targetHints":{"allow":["GET"]}}],"collection":[{"href":"https:\/\/solidaridadnews.com\/index.php?rest_route=\/wp\/v2\/posts"}],"about":[{"href":"https:\/\/solidaridadnews.com\/index.php?rest_route=\/wp\/v2\/types\/post"}],"author":[{"embeddable":true,"href":"https:\/\/solidaridadnews.com\/index.php?rest_route=\/wp\/v2\/users\/1"}],"replies":[{"embeddable":true,"href":"https:\/\/solidaridadnews.com\/index.php?rest_route=%2Fwp%2Fv2%2Fcomments&post=34925"}],"version-history":[{"count":1,"href":"https:\/\/solidaridadnews.com\/index.php?rest_route=\/wp\/v2\/posts\/34925\/revisions"}],"predecessor-version":[{"id":34926,"href":"https:\/\/solidaridadnews.com\/index.php?rest_route=\/wp\/v2\/posts\/34925\/revisions\/34926"}],"wp:featuredmedia":[{"embeddable":true,"href":"https:\/\/solidaridadnews.com\/index.php?rest_route=\/wp\/v2\/media\/34927"}],"wp:attachment":[{"href":"https:\/\/solidaridadnews.com\/index.php?rest_route=%2Fwp%2Fv2%2Fmedia&parent=34925"}],"wp:term":[{"taxonomy":"category","embeddable":true,"href":"https:\/\/solidaridadnews.com\/index.php?rest_route=%2Fwp%2Fv2%2Fcategories&post=34925"},{"taxonomy":"post_tag","embeddable":true,"href":"https:\/\/solidaridadnews.com\/index.php?rest_route=%2Fwp%2Fv2%2Ftags&post=34925"}],"curies":[{"name":"wp","href":"https:\/\/api.w.org\/{rel}","templated":true}]}}