{"id":34919,"date":"2024-08-12T11:48:44","date_gmt":"2024-08-12T16:48:44","guid":{"rendered":"https:\/\/solidaridadnews.com\/?p=34919"},"modified":"2024-08-12T16:48:45","modified_gmt":"2024-08-12T16:48:45","slug":"coco-tendra-una-atraccion-en-disneyland","status":"publish","type":"post","link":"https:\/\/solidaridadnews.com\/?p=34919","title":{"rendered":"\u2018Coco\u2019 tendr\u00e1 una atracci\u00f3n en Disneyland"},"content":{"rendered":"<p>Disneyland, el parque de atracciones que cumple siete d\u00e9cadas de funcionamiento en California, dar\u00e1 un espacio a \u2018Coco\u2019, una historia basada en el tradicional festejo de D\u00eda de Muertos, una de las m\u00e1s antiguas y populares celebraciones en M\u00e9xico.<\/p>\n<p>El director de Disney Experiences, Josh D\u2019Amaro, hizo el anuncio en el evento bianual D23, que se realiz\u00f3 este fin de semana en Anaheim (California).<\/p>\n<p>La atracci\u00f3n estar\u00e1 llena de los personajes y la m\u00fasica incluida en la pel\u00edcula de Pixar, ganadora del \u00d3scar a mejor pel\u00edcula animada en 2018.<\/p>\n<p>\u201cEl trabajo est\u00e1 en marcha y comenzaremos a construirlo en 2026. Y si no lo has adivinado, la m\u00fasica jugar\u00e1 un papel importante en esta atracci\u00f3n\u201d, ahond\u00f3 D\u2019Amaro.<\/p>\n<p>Agreg\u00f3 que la atracci\u00f3n estar\u00e1 inspirada en otras ic\u00f3nicas de los parques tem\u00e1ticos de Disney, como Piratas del Caribe y La Mansi\u00f3n Encantada.<\/p>\n<p>El arte conceptual est\u00e1 basado en un veh\u00edculo tipo barco que viajar\u00e1 a trav\u00e9s de momentos ic\u00f3nicos de la pel\u00edcula de Pixar dirigida por Lee Unkrich.<\/p>\n<p>Adem\u00e1s de la atracci\u00f3n basada en \u2018Coco\u2019, Disneyland tambi\u00e9n contar\u00e1 con una secci\u00f3n inspirada en \u2018Avatar\u2019 de James Cameron.<\/p>\n<p>En la convenci\u00f3n Disney reafirm\u00f3 que la franquicia va m\u00e1s all\u00e1 de los filmes. En sus 100 a\u00f1os de historia ha consolidado un imperio de marketing, cuyas licencias de comercializaci\u00f3n y venta al por menor le valieron ingresos de aproximadamente 4.360 millones de d\u00f3lares estadounidenses en 2023.<\/p>\n<p>Esta s\u00e9ptima edici\u00f3n del D23 es el m\u00e1s grande de la historia del coloso del entretenimiento, que sit\u00faa en cerca de 140.000 el n\u00famero de asistentes que visitaron la ciudad de Anaheim, donde se encuentra Disneyland, en 2022.<\/p>\n","protected":false},"excerpt":{"rendered":"<p>Disneyland, el parque de atracciones que cumple siete d\u00e9cadas de funcionamiento en California, dar\u00e1 un espacio a \u2018Coco\u2019, una historia basada en el tradicional festejo de D\u00eda de Muertos, una de las m\u00e1s antiguas y populares celebraciones en M\u00e9xico. El director de Disney Experiences, Josh D\u2019Amaro, hizo el anuncio en el evento bianual D23, que [&hellip;]<\/p>\n","protected":false},"author":1,"featured_media":34921,"comment_status":"open","ping_status":"closed","sticky":false,"template":"","format":"standard","meta":{"footnotes":""},"categories":[3],"tags":[],"class_list":["post-34919","post","type-post","status-publish","format-standard","has-post-thumbnail","hentry","category-espectaculos"],"_links":{"self":[{"href":"https:\/\/solidaridadnews.com\/index.php?rest_route=\/wp\/v2\/posts\/34919","targetHints":{"allow":["GET"]}}],"collection":[{"href":"https:\/\/solidaridadnews.com\/index.php?rest_route=\/wp\/v2\/posts"}],"about":[{"href":"https:\/\/solidaridadnews.com\/index.php?rest_route=\/wp\/v2\/types\/post"}],"author":[{"embeddable":true,"href":"https:\/\/solidaridadnews.com\/index.php?rest_route=\/wp\/v2\/users\/1"}],"replies":[{"embeddable":true,"href":"https:\/\/solidaridadnews.com\/index.php?rest_route=%2Fwp%2Fv2%2Fcomments&post=34919"}],"version-history":[{"count":1,"href":"https:\/\/solidaridadnews.com\/index.php?rest_route=\/wp\/v2\/posts\/34919\/revisions"}],"predecessor-version":[{"id":34920,"href":"https:\/\/solidaridadnews.com\/index.php?rest_route=\/wp\/v2\/posts\/34919\/revisions\/34920"}],"wp:featuredmedia":[{"embeddable":true,"href":"https:\/\/solidaridadnews.com\/index.php?rest_route=\/wp\/v2\/media\/34921"}],"wp:attachment":[{"href":"https:\/\/solidaridadnews.com\/index.php?rest_route=%2Fwp%2Fv2%2Fmedia&parent=34919"}],"wp:term":[{"taxonomy":"category","embeddable":true,"href":"https:\/\/solidaridadnews.com\/index.php?rest_route=%2Fwp%2Fv2%2Fcategories&post=34919"},{"taxonomy":"post_tag","embeddable":true,"href":"https:\/\/solidaridadnews.com\/index.php?rest_route=%2Fwp%2Fv2%2Ftags&post=34919"}],"curies":[{"name":"wp","href":"https:\/\/api.w.org\/{rel}","templated":true}]}}