{"id":34916,"date":"2024-08-12T11:44:39","date_gmt":"2024-08-12T16:44:39","guid":{"rendered":"https:\/\/solidaridadnews.com\/?p=34916"},"modified":"2024-08-12T16:44:40","modified_gmt":"2024-08-12T16:44:40","slug":"el-cancer-en-hombres-se-duplicara-en-2050-con-amplias-disparidades-por-la-edad-o-economia","status":"publish","type":"post","link":"https:\/\/solidaridadnews.com\/?p=34916","title":{"rendered":"El c\u00e1ncer en hombres se duplicar\u00e1 en 2050, con amplias disparidades por la edad o econom\u00eda"},"content":{"rendered":"<p>Los casos de c\u00e1ncer en los hombres y el n\u00famero de muertes por esta enfermedad aumentar\u00e1n casi al doble en 2050, con disparidades cada vez mayores en funci\u00f3n de la edad y la situaci\u00f3n econ\u00f3mica de los pa\u00edses, seg\u00fan un estudio que analiza 30 tipos de tumores y datos de 185 pa\u00edses.<\/p>\n<p>Las conclusiones del trabajo indican la necesidad de realizar esfuerzos para mejorar los resultados del c\u00e1ncer de forma equitativa, se\u00f1alan investigadores de la Universidad de Queensland, en Australia.<\/p>\n<p>Estos pasan por fortalecer m\u00e1s la calidad y la accesibilidad de la infraestructura sanitaria; promocionar la cobertura universal siguiendo un enfoque de derechos humanos; o financiar la investigaci\u00f3n sobre programas de detecci\u00f3n del c\u00e1ncer espec\u00edficos para hombres en todo el mundo, escriben los autores en su art\u00edculo recogido en la revista Cancer de la Sociedad Americana del C\u00e1ncer.<\/p>\n<p>Los hombres padecen tasas y muertes relacionadas con el c\u00e1ncer m\u00e1s elevadas que las mujeres, probablemente debido a diversos factores, como una menor participaci\u00f3n en actividades de prevenci\u00f3n o una infrautilizaci\u00f3n de las opciones de cribado y tratamiento, explica un comunicado de Wiley, editora de la revista.<\/p>\n<p>Asimismo, por una mayor exposici\u00f3n a factores de riesgo de c\u00e1ncer como el tabaquismo, el consumo de alcohol y la exposici\u00f3n laboral a agentes carcin\u00f3genos, y por diferencias biol\u00f3gicas.<\/p>\n<p>Para evaluar la carga del c\u00e1ncer en hombres de distintas edades y que viven en diferentes regiones del mundo, los investigadores analizaron la informaci\u00f3n de 2022 del Observatorio Mundial del C\u00e1ncer, que incluye estimaciones a nivel nacional de casos y muertes en 185 pa\u00edses\/territorios de todo el mundo -incluido Espa\u00f1a-.<\/p>\n<p>Las proyecciones en 2050 se obtuvieron mediante proyecciones demogr\u00e1ficas.<\/p>\n<p>Entre otros datos, en 2022 se observ\u00f3 una menor supervivencia entre los hombres de m\u00e1s edad (65 a\u00f1os o m\u00e1s) para tipos de c\u00e1ncer poco frecuentes, como el de p\u00e1ncreas, y en pa\u00edses con un bajo \u00edndice de desarrollo humano, que mide la salud, la educaci\u00f3n y el nivel de vida.<\/p>\n<p>Ese a\u00f1o, el c\u00e1ncer de pulm\u00f3n fue el m\u00e1s com\u00fan en t\u00e9rminos de casos y muertes, aunque se observaron ligeras variaciones en el tipo de c\u00e1ncer principal entre los grupos de edad. Por ejemplo, los casos de tumor testicular y las muertes por leucemia ocuparon los primeros lugares entre los adultos j\u00f3venes.<\/p>\n<p>Entre 2022 y 2050, se prev\u00e9 que los casos de c\u00e1ncer en hombres aumenten de 10.3 millones a 19 millones, un incremento del 84 por ciento.<\/p>\n<p>Se estima que las muertes pasen de 5.4 millones a 10.5 millones, un 93 por ciento m\u00e1s, con un incremento superior al doble entre aquellos mayores de 65 a\u00f1os y en los pa\u00edses\/territorios con un \u00edndice de desarrollo humano bajo y medio.<\/p>\n<p>Seg\u00fan los datos del estudio, se prev\u00e9 que el c\u00e1ncer de pulm\u00f3n siga siendo el principal tipo de c\u00e1ncer tanto en casos como en muertes para 2050.<\/p>\n<p>Los autores concluyen: en 2022 se observaron \u201cdisparidades sustanciales\u201d en los casos y muertes por c\u00e1ncer entre los hombres y se proyecta que estas se ampl\u00eden para 2050.<\/p>\n<p>\u201cLa implantaci\u00f3n y ampliaci\u00f3n de la cobertura sanitaria universal y la expansi\u00f3n de las infraestructuras sanitarias, as\u00ed como la creaci\u00f3n de facultades de medicina financiadas con fondos p\u00fablicos y de becas para la formaci\u00f3n de personal pueden mejorar la atenci\u00f3n oncol\u00f3gica y la equidad\u201d, afirma Habtamu Mellie Bizuayehu, para quien hay que hacer hincapi\u00e9 en los pa\u00edses con un \u00edndice de desarrollo humano bajo y medio.<\/p>\n","protected":false},"excerpt":{"rendered":"<p>Los casos de c\u00e1ncer en los hombres y el n\u00famero de muertes por esta enfermedad aumentar\u00e1n casi al doble en 2050, con disparidades cada vez mayores en funci\u00f3n de la edad y la situaci\u00f3n econ\u00f3mica de los pa\u00edses, seg\u00fan un estudio que analiza 30 tipos de tumores y datos de 185 pa\u00edses. Las conclusiones del [&hellip;]<\/p>\n","protected":false},"author":1,"featured_media":34918,"comment_status":"open","ping_status":"closed","sticky":false,"template":"","format":"standard","meta":{"footnotes":""},"categories":[13],"tags":[],"class_list":["post-34916","post","type-post","status-publish","format-standard","has-post-thumbnail","hentry","category-salud"],"_links":{"self":[{"href":"https:\/\/solidaridadnews.com\/index.php?rest_route=\/wp\/v2\/posts\/34916","targetHints":{"allow":["GET"]}}],"collection":[{"href":"https:\/\/solidaridadnews.com\/index.php?rest_route=\/wp\/v2\/posts"}],"about":[{"href":"https:\/\/solidaridadnews.com\/index.php?rest_route=\/wp\/v2\/types\/post"}],"author":[{"embeddable":true,"href":"https:\/\/solidaridadnews.com\/index.php?rest_route=\/wp\/v2\/users\/1"}],"replies":[{"embeddable":true,"href":"https:\/\/solidaridadnews.com\/index.php?rest_route=%2Fwp%2Fv2%2Fcomments&post=34916"}],"version-history":[{"count":1,"href":"https:\/\/solidaridadnews.com\/index.php?rest_route=\/wp\/v2\/posts\/34916\/revisions"}],"predecessor-version":[{"id":34917,"href":"https:\/\/solidaridadnews.com\/index.php?rest_route=\/wp\/v2\/posts\/34916\/revisions\/34917"}],"wp:featuredmedia":[{"embeddable":true,"href":"https:\/\/solidaridadnews.com\/index.php?rest_route=\/wp\/v2\/media\/34918"}],"wp:attachment":[{"href":"https:\/\/solidaridadnews.com\/index.php?rest_route=%2Fwp%2Fv2%2Fmedia&parent=34916"}],"wp:term":[{"taxonomy":"category","embeddable":true,"href":"https:\/\/solidaridadnews.com\/index.php?rest_route=%2Fwp%2Fv2%2Fcategories&post=34916"},{"taxonomy":"post_tag","embeddable":true,"href":"https:\/\/solidaridadnews.com\/index.php?rest_route=%2Fwp%2Fv2%2Ftags&post=34916"}],"curies":[{"name":"wp","href":"https:\/\/api.w.org\/{rel}","templated":true}]}}