{"id":34889,"date":"2024-08-10T20:00:16","date_gmt":"2024-08-11T01:00:16","guid":{"rendered":"https:\/\/solidaridadnews.com\/?p=34889"},"modified":"2024-08-11T05:14:39","modified_gmt":"2024-08-11T05:14:39","slug":"nene-beltran-asegura-tendra-nervio-con-rafa-marquez-en-seleccion-mexicana","status":"publish","type":"post","link":"https:\/\/solidaridadnews.com\/?p=34889","title":{"rendered":"Nene Beltr\u00e1n asegura tendr\u00e1 nervio con Rafa M\u00e1rquez en Selecci\u00f3n Mexicana"},"content":{"rendered":"<p>\ud83d\udd38El medio del Guadalajara habl\u00f3 sobre los cambios en Selecci\u00f3n Mexicana con Javier Aguirre como DT.<\/p>\n<p>#DEPORTES | Fernando &#8216;Nene&#8217;Beltr\u00e1n habl\u00f3 sobre Rafa M\u00e1rquez y Javier Aguirre como nuevas cabezas de la Selecci\u00f3n Mexicana de cara al Mundial 2026 y luego para el 2030. El mediocampista de Chivas no olvida la jerarqu\u00eda de una persona como Rafa M\u00e1rquez en M\u00e9xico.<\/p>\n<p>\u00abCon Rafa va a haber mucho nervio, si al final me toca ir, un tipo que yo le tengo mucha admiraci\u00f3n por lo que fue y por lo que hizo. Con Javier que tiene una trayectoria muy buena en Europa y la parte importante que nos puede ayudar a nosotros para mejorar tambi\u00e9n, ver qu\u00e9 puedes aprender de \u00e9l, qu\u00e9 es lo que \u00e9l ve all\u00e1 que no se hace aqu\u00ed a lo mejor, en cierta parte muy motivado porque es un buen cuerpo t\u00e9cnico\u00bb.<\/p>\n<p>&#8216;Nene&#8217; Beltr\u00e1n opin\u00f3 acerca del cambio generacional en la Selecci\u00f3n Mexicana y asegur\u00f3 que sin importar la edad, tienen que estar lo mejores con la camiseta nacional.<\/p>\n<p>\u00abEspero no se tome mal lo que yo piense, pero en mi humilde opini\u00f3n, creo que no importa si es uno chico, uno m\u00e1s grande, uno de m\u00e1s experiencia, uno de 27, 28 a\u00f1os, la verdad en ese yo no le doy el enfoque, yo creo que el enfoque ser\u00eda en qui\u00e9n est\u00e1 mejor en su momento en esa posici\u00f3n o en cada posici\u00f3n para que pueda representar a M\u00e9xico como se merece.<\/p>\n<p>\u00abQue se aproveche el momento de cada jugador para que la selecci\u00f3n pueda potenciar los partidos y podamos competir&#8230; yo le doy m\u00e1s a ese enfoque que si de experiencia o j\u00f3venes, creo que al final todos est\u00e1n para jugar y todos quieren jugar en la selecci\u00f3n y todos van a querer dar su mejor versi\u00f3n, al final decide el t\u00e9cnico\u00bb.<\/p>\n","protected":false},"excerpt":{"rendered":"<p>\ud83d\udd38El medio del Guadalajara habl\u00f3 sobre los cambios en Selecci\u00f3n Mexicana con Javier Aguirre como DT. #DEPORTES | Fernando &#8216;Nene&#8217;Beltr\u00e1n habl\u00f3 sobre Rafa M\u00e1rquez y Javier Aguirre como nuevas cabezas de la Selecci\u00f3n Mexicana de cara al Mundial 2026 y luego para el 2030. El mediocampista de Chivas no olvida la jerarqu\u00eda de una persona [&hellip;]<\/p>\n","protected":false},"author":1,"featured_media":34891,"comment_status":"open","ping_status":"closed","sticky":false,"template":"","format":"standard","meta":{"footnotes":""},"categories":[6],"tags":[],"class_list":["post-34889","post","type-post","status-publish","format-standard","has-post-thumbnail","hentry","category-deportes"],"_links":{"self":[{"href":"https:\/\/solidaridadnews.com\/index.php?rest_route=\/wp\/v2\/posts\/34889","targetHints":{"allow":["GET"]}}],"collection":[{"href":"https:\/\/solidaridadnews.com\/index.php?rest_route=\/wp\/v2\/posts"}],"about":[{"href":"https:\/\/solidaridadnews.com\/index.php?rest_route=\/wp\/v2\/types\/post"}],"author":[{"embeddable":true,"href":"https:\/\/solidaridadnews.com\/index.php?rest_route=\/wp\/v2\/users\/1"}],"replies":[{"embeddable":true,"href":"https:\/\/solidaridadnews.com\/index.php?rest_route=%2Fwp%2Fv2%2Fcomments&post=34889"}],"version-history":[{"count":1,"href":"https:\/\/solidaridadnews.com\/index.php?rest_route=\/wp\/v2\/posts\/34889\/revisions"}],"predecessor-version":[{"id":34890,"href":"https:\/\/solidaridadnews.com\/index.php?rest_route=\/wp\/v2\/posts\/34889\/revisions\/34890"}],"wp:featuredmedia":[{"embeddable":true,"href":"https:\/\/solidaridadnews.com\/index.php?rest_route=\/wp\/v2\/media\/34891"}],"wp:attachment":[{"href":"https:\/\/solidaridadnews.com\/index.php?rest_route=%2Fwp%2Fv2%2Fmedia&parent=34889"}],"wp:term":[{"taxonomy":"category","embeddable":true,"href":"https:\/\/solidaridadnews.com\/index.php?rest_route=%2Fwp%2Fv2%2Fcategories&post=34889"},{"taxonomy":"post_tag","embeddable":true,"href":"https:\/\/solidaridadnews.com\/index.php?rest_route=%2Fwp%2Fv2%2Ftags&post=34889"}],"curies":[{"name":"wp","href":"https:\/\/api.w.org\/{rel}","templated":true}]}}