{"id":34844,"date":"2024-08-07T11:56:18","date_gmt":"2024-08-07T16:56:18","guid":{"rendered":"https:\/\/solidaridadnews.com\/?p=34844"},"modified":"2024-08-07T16:56:18","modified_gmt":"2024-08-07T16:56:18","slug":"ariadna-barrera-celebra-a-ganadores-del-premio-estatal-de-la-juventud","status":"publish","type":"post","link":"https:\/\/solidaridadnews.com\/?p=34844","title":{"rendered":"Ariadna Barrera celebra a ganadores del Premio Estatal de la Juventud"},"content":{"rendered":"<p>\ud83d\udd38 La legisladora destac\u00f3 la importancia del activismo juvenil en la transformaci\u00f3n de la sociedad<\/p>\n<p>#MORELOS | Ariadna Barrera, diputada federal electa por Morelos, expres\u00f3 su orgullo y admiraci\u00f3n por los j\u00f3venes galardonados con el Premio Estatal de la Juventud en una ceremonia reciente. Barrera destac\u00f3 la importancia del activismo juvenil en la transformaci\u00f3n de la sociedad y ofreci\u00f3 su reconocimiento a los premiados.<\/p>\n<p>\u201cQu\u00e9 gran orgullo conocer a j\u00f3venes que son agentes de cambio y que con su activismo, transforman a la sociedad\u201d, manifest\u00f3 Barrera. La diputada subray\u00f3 el impacto positivo que estos j\u00f3venes han tenido en la comunidad, enfatizando su papel crucial en la construcci\u00f3n de un futuro mejor para Morelos.<\/p>\n<p>Barrera felicit\u00f3 a los ganadores del premio y asegur\u00f3 su compromiso continuo de trabajar junto a ellos. \u201cMuchas felicidades a quienes hoy recibieron el Premio Estatal de la Juventud; cuentan con todo mi reconocimiento y sobre todo, con mi compromiso para seguir trabajando juntas y juntos por Morelos\u201d, afirm\u00f3.<\/p>\n<p>La diputada electa reafirm\u00f3 su apoyo a las iniciativas juveniles y prometi\u00f3 colaborar en la creaci\u00f3n de pol\u00edticas que promuevan el desarrollo y la participaci\u00f3n activa de los j\u00f3venes en la vida pol\u00edtica y social del estado. Con su apoyo, Barrera busca fomentar un entorno en el que el activismo juvenil pueda florecer y contribuir significativamente al progreso de Morelos.<\/p>\n","protected":false},"excerpt":{"rendered":"<p>\ud83d\udd38 La legisladora destac\u00f3 la importancia del activismo juvenil en la transformaci\u00f3n de la sociedad #MORELOS | Ariadna Barrera, diputada federal electa por Morelos, expres\u00f3 su orgullo y admiraci\u00f3n por los j\u00f3venes galardonados con el Premio Estatal de la Juventud en una ceremonia reciente. Barrera destac\u00f3 la importancia del activismo juvenil en la transformaci\u00f3n de [&hellip;]<\/p>\n","protected":false},"author":1,"featured_media":34846,"comment_status":"open","ping_status":"closed","sticky":false,"template":"","format":"standard","meta":{"footnotes":""},"categories":[33],"tags":[],"class_list":["post-34844","post","type-post","status-publish","format-standard","has-post-thumbnail","hentry","category-morelos"],"_links":{"self":[{"href":"https:\/\/solidaridadnews.com\/index.php?rest_route=\/wp\/v2\/posts\/34844","targetHints":{"allow":["GET"]}}],"collection":[{"href":"https:\/\/solidaridadnews.com\/index.php?rest_route=\/wp\/v2\/posts"}],"about":[{"href":"https:\/\/solidaridadnews.com\/index.php?rest_route=\/wp\/v2\/types\/post"}],"author":[{"embeddable":true,"href":"https:\/\/solidaridadnews.com\/index.php?rest_route=\/wp\/v2\/users\/1"}],"replies":[{"embeddable":true,"href":"https:\/\/solidaridadnews.com\/index.php?rest_route=%2Fwp%2Fv2%2Fcomments&post=34844"}],"version-history":[{"count":1,"href":"https:\/\/solidaridadnews.com\/index.php?rest_route=\/wp\/v2\/posts\/34844\/revisions"}],"predecessor-version":[{"id":34845,"href":"https:\/\/solidaridadnews.com\/index.php?rest_route=\/wp\/v2\/posts\/34844\/revisions\/34845"}],"wp:featuredmedia":[{"embeddable":true,"href":"https:\/\/solidaridadnews.com\/index.php?rest_route=\/wp\/v2\/media\/34846"}],"wp:attachment":[{"href":"https:\/\/solidaridadnews.com\/index.php?rest_route=%2Fwp%2Fv2%2Fmedia&parent=34844"}],"wp:term":[{"taxonomy":"category","embeddable":true,"href":"https:\/\/solidaridadnews.com\/index.php?rest_route=%2Fwp%2Fv2%2Fcategories&post=34844"},{"taxonomy":"post_tag","embeddable":true,"href":"https:\/\/solidaridadnews.com\/index.php?rest_route=%2Fwp%2Fv2%2Ftags&post=34844"}],"curies":[{"name":"wp","href":"https:\/\/api.w.org\/{rel}","templated":true}]}}