{"id":34831,"date":"2024-08-07T11:44:09","date_gmt":"2024-08-07T16:44:09","guid":{"rendered":"https:\/\/solidaridadnews.com\/?p=34831"},"modified":"2024-08-07T16:44:10","modified_gmt":"2024-08-07T16:44:10","slug":"taylor-swift-comparte-foto-con-silueta-de-harris-en-redes-pero-no-confirma-su-respaldo","status":"publish","type":"post","link":"https:\/\/solidaridadnews.com\/?p=34831","title":{"rendered":"Taylor Swift comparte foto con silueta de Harris en redes, pero no confirma su respaldo"},"content":{"rendered":"<p>La cantante Taylor Swift comparti\u00f3 una foto con una silueta que podr\u00eda ser la de la vicepresidenta y candidata dem\u00f3crata, Kamala Harris, pero no confirm\u00f3 con un texto su respaldo por la que lucha por convertirse en la primera presidenta de Estados Unidos.<\/p>\n<p>Swift, que est\u00e1 de gira por Europa, public\u00f3 diez fotos de su concierto en Varsovia, Polonia, y en la s\u00e9ptima imagen se pod\u00eda ver a la cantante en primer plano sobre el escenario y una silueta similar a la de Harris saludando detr\u00e1s.<\/p>\n<p>No obstante, en el pie de foto la artista solo hace referencia al concierto en el Viejo Continente y no menciona nada relacionado con la pol\u00edtica de Estados Unidos.<\/p>\n<p>Swift es conocida por dejar mensajes secretos a sus fans tanto en sus redes como en sus videoclips.<\/p>\n<p>En 2020, la estrella respald\u00f3 a Biden y le dijo a V Magazine: \u201cVotar\u00e9 orgullosamente por Joe Biden y Kamala Harris en las elecciones presidenciales de este a\u00f1o\u201d.<\/p>\n<p>Swift se encuentra en la cima de su fama y podr\u00eda tener una gran influencia sobre los votantes m\u00e1s j\u00f3venes.<\/p>\n<p>El martes, Harris anunci\u00f3 que su compa\u00f1ero de f\u00f3rmula para las elecciones presidenciales es el gobernador de Minnesota, Tim Walz.<\/p>\n<p>Harris cuenta ya con el apoyo de la cantante brit\u00e1nica Charli XCX y los artistas estadounidenses Ariana Grande, Cardi B y John Legend.<\/p>\n","protected":false},"excerpt":{"rendered":"<p>La cantante Taylor Swift comparti\u00f3 una foto con una silueta que podr\u00eda ser la de la vicepresidenta y candidata dem\u00f3crata, Kamala Harris, pero no confirm\u00f3 con un texto su respaldo por la que lucha por convertirse en la primera presidenta de Estados Unidos. Swift, que est\u00e1 de gira por Europa, public\u00f3 diez fotos de su [&hellip;]<\/p>\n","protected":false},"author":1,"featured_media":34833,"comment_status":"open","ping_status":"closed","sticky":false,"template":"","format":"standard","meta":{"footnotes":""},"categories":[3],"tags":[],"class_list":["post-34831","post","type-post","status-publish","format-standard","has-post-thumbnail","hentry","category-espectaculos"],"_links":{"self":[{"href":"https:\/\/solidaridadnews.com\/index.php?rest_route=\/wp\/v2\/posts\/34831","targetHints":{"allow":["GET"]}}],"collection":[{"href":"https:\/\/solidaridadnews.com\/index.php?rest_route=\/wp\/v2\/posts"}],"about":[{"href":"https:\/\/solidaridadnews.com\/index.php?rest_route=\/wp\/v2\/types\/post"}],"author":[{"embeddable":true,"href":"https:\/\/solidaridadnews.com\/index.php?rest_route=\/wp\/v2\/users\/1"}],"replies":[{"embeddable":true,"href":"https:\/\/solidaridadnews.com\/index.php?rest_route=%2Fwp%2Fv2%2Fcomments&post=34831"}],"version-history":[{"count":1,"href":"https:\/\/solidaridadnews.com\/index.php?rest_route=\/wp\/v2\/posts\/34831\/revisions"}],"predecessor-version":[{"id":34832,"href":"https:\/\/solidaridadnews.com\/index.php?rest_route=\/wp\/v2\/posts\/34831\/revisions\/34832"}],"wp:featuredmedia":[{"embeddable":true,"href":"https:\/\/solidaridadnews.com\/index.php?rest_route=\/wp\/v2\/media\/34833"}],"wp:attachment":[{"href":"https:\/\/solidaridadnews.com\/index.php?rest_route=%2Fwp%2Fv2%2Fmedia&parent=34831"}],"wp:term":[{"taxonomy":"category","embeddable":true,"href":"https:\/\/solidaridadnews.com\/index.php?rest_route=%2Fwp%2Fv2%2Fcategories&post=34831"},{"taxonomy":"post_tag","embeddable":true,"href":"https:\/\/solidaridadnews.com\/index.php?rest_route=%2Fwp%2Fv2%2Ftags&post=34831"}],"curies":[{"name":"wp","href":"https:\/\/api.w.org\/{rel}","templated":true}]}}