{"id":34770,"date":"2024-08-03T20:28:29","date_gmt":"2024-08-04T01:28:29","guid":{"rendered":"https:\/\/solidaridadnews.com\/?p=34770"},"modified":"2024-08-04T01:28:31","modified_gmt":"2024-08-04T01:28:31","slug":"asi-fue-el-beso-de-raul-araiza-y-andrea-legarreta-en-hoy","status":"publish","type":"post","link":"https:\/\/solidaridadnews.com\/?p=34770","title":{"rendered":"As\u00ed fue el beso de Ra\u00fal Araiza y Andrea Legarreta en &#8216;Hoy&#8217;"},"content":{"rendered":"<p>\ud83d\udd38El beso entre Andrea Legarreta y Ra\u00fal Araiza se volvi\u00f3 viral en las redes sociales; as\u00ed fue el momento.<\/p>\n<p>#ESPECT\u00c1CULOS | La redes sociales revivieron el beso que Andrea Legarreta y Ra\u00fal Araiza se dieron mientras se encontraban en el matutino de Televisa, Hoy.<\/p>\n<p>El momento sali\u00f3 a relucir porque ayer viernes\u00a02 de agosto, el programa de Televisa cumpli\u00f3 26 a\u00f1os al aire, por lo que algunos de sus seguidores comenzaron a revivir algunos de sus mejores momentos.<\/p>\n<p>Esto llevo a que, en medio de la euforia, revivieran que hace seis a\u00f1os\u00a0Andrea Legarreta y Ra\u00fal &#8216;El Negro&#8217; Araiza protagonizaron un beso en cadena nacional.<\/p>\n<p>El momento ocurri\u00f3 a principios del a\u00f1o 2018 mientras el elenco de Hoy realizaba una din\u00e1mica conocida como \u00c9chate de cabeza, que consist\u00eda en que los conductores respondieran preguntas antes de que un globo con confeti estallara sobre sus cabezas.<\/p>\n<p>Luego de vivir un momento de tensi\u00f3n, Andrea Legarreta tom\u00f3 su lugar para enfrentarse al reto, el cual moderaba Ra\u00fal Araiza haciendo las preguntas.<\/p>\n<p>Cuando la conductora de Hoy se coloc\u00f3 debajo de la plataforma del juego, los conductores comenzaron a discutir a manera de broma.<\/p>\n<p>Fue en ese momento en el que Araiza comenz\u00f3 a acercarse a la famosa, coloc\u00f3 una de sus manos en el cuello de Legarreta y luego, cuando estaba desprevenida, la bes\u00f3.<\/p>\n<p>En el foro, los conductores comenzaron a gritar por lo que hab\u00eda sucedido, mientras que Andrea Legarreta se cubri\u00f3 la cara con ambas manos<\/p>\n","protected":false},"excerpt":{"rendered":"<p>\ud83d\udd38El beso entre Andrea Legarreta y Ra\u00fal Araiza se volvi\u00f3 viral en las redes sociales; as\u00ed fue el momento. #ESPECT\u00c1CULOS | La redes sociales revivieron el beso que Andrea Legarreta y Ra\u00fal Araiza se dieron mientras se encontraban en el matutino de Televisa, Hoy. El momento sali\u00f3 a relucir porque ayer viernes\u00a02 de agosto, el [&hellip;]<\/p>\n","protected":false},"author":1,"featured_media":34772,"comment_status":"open","ping_status":"closed","sticky":false,"template":"","format":"standard","meta":{"footnotes":""},"categories":[3],"tags":[],"class_list":["post-34770","post","type-post","status-publish","format-standard","has-post-thumbnail","hentry","category-espectaculos"],"_links":{"self":[{"href":"https:\/\/solidaridadnews.com\/index.php?rest_route=\/wp\/v2\/posts\/34770","targetHints":{"allow":["GET"]}}],"collection":[{"href":"https:\/\/solidaridadnews.com\/index.php?rest_route=\/wp\/v2\/posts"}],"about":[{"href":"https:\/\/solidaridadnews.com\/index.php?rest_route=\/wp\/v2\/types\/post"}],"author":[{"embeddable":true,"href":"https:\/\/solidaridadnews.com\/index.php?rest_route=\/wp\/v2\/users\/1"}],"replies":[{"embeddable":true,"href":"https:\/\/solidaridadnews.com\/index.php?rest_route=%2Fwp%2Fv2%2Fcomments&post=34770"}],"version-history":[{"count":1,"href":"https:\/\/solidaridadnews.com\/index.php?rest_route=\/wp\/v2\/posts\/34770\/revisions"}],"predecessor-version":[{"id":34771,"href":"https:\/\/solidaridadnews.com\/index.php?rest_route=\/wp\/v2\/posts\/34770\/revisions\/34771"}],"wp:featuredmedia":[{"embeddable":true,"href":"https:\/\/solidaridadnews.com\/index.php?rest_route=\/wp\/v2\/media\/34772"}],"wp:attachment":[{"href":"https:\/\/solidaridadnews.com\/index.php?rest_route=%2Fwp%2Fv2%2Fmedia&parent=34770"}],"wp:term":[{"taxonomy":"category","embeddable":true,"href":"https:\/\/solidaridadnews.com\/index.php?rest_route=%2Fwp%2Fv2%2Fcategories&post=34770"},{"taxonomy":"post_tag","embeddable":true,"href":"https:\/\/solidaridadnews.com\/index.php?rest_route=%2Fwp%2Fv2%2Ftags&post=34770"}],"curies":[{"name":"wp","href":"https:\/\/api.w.org\/{rel}","templated":true}]}}