{"id":34764,"date":"2024-08-03T20:21:43","date_gmt":"2024-08-04T01:21:43","guid":{"rendered":"https:\/\/solidaridadnews.com\/?p=34764"},"modified":"2024-08-04T01:21:45","modified_gmt":"2024-08-04T01:21:45","slug":"supercucaracha-en-mexico-asi-es-el-insecto-que-resiste-quimicos-y-transmite-virus","status":"publish","type":"post","link":"https:\/\/solidaridadnews.com\/?p=34764","title":{"rendered":"\u2018Supercucaracha\u2019 en M\u00e9xico: As\u00ed es el insecto que resiste qu\u00edmicos y transmite virus"},"content":{"rendered":"<p>\ud83d\udd38Las altas temperaturas propician que se eleve la presencia de estos insectos, que adem\u00e1s, cada d\u00eda son m\u00e1s resistentes a los pesticidas.<\/p>\n<p>#CDMX | Actualmente M\u00e9xico se encuentra en su segunda ola de calor, en la que las altas temperaturas no s\u00f3lo propician enfermedades entre las personas, sino que tambi\u00e9n favorece la proliferaci\u00f3n de la mayor\u00eda de los insectos, entre ellos, la aparici\u00f3n de las\u00a0cucarachas.<\/p>\n<p>Conforme hay avances en la ciencia para eliminarlas, estos animales han logrado evolucionar para resistir los m\u00e1s fuertes pesticidas, y es que no s\u00f3lo pueden sobrevivir que los aplastes, sino que puede pasar varios d\u00edas sin agua y comida o vivir tan solo de migajas. Adem\u00e1s de ello, sobreviven al invierno sin problemas, ya que pueden tolerar temperaturas hasta -8 grados Celcius.<\/p>\n<p>De acuerdo con Syngenta, una organizaci\u00f3n que se dedica al control de plagas, la cucaracha alemana \u2500cuyo nombre cient\u00edfico es\u00a0Blatella germanica\u2500 es un insecto que vive asociado a las actividades humanas, y es una de las plaga m\u00e1s dif\u00edciles de controlar. Estos animales representan un gran peligro para la salud, ya que transmiten microbios y virus, adem\u00e1s de estar vinculadas al s\u00edndrome asm\u00e1tico de muchas personas.<\/p>\n<p>La evoluci\u00f3n de la cucaracha alemana y su exposici\u00f3n a diversos grupos qu\u00edmicos de insecticidas a la que han estado expuestas durante d\u00e9cadas han provocado resistencia a estos qu\u00edmicos, lo cual aumenta la dificultad para eliminarlas en diversos entornos.<\/p>\n<p>Para su combate existen diferentes estrategias de control, que en conjunto forman parte del Manejo Integrado de Plagas (MIP), en el cual el control qu\u00edmico es una parte fundamental, pero que deben ser actualizados seg\u00fan la resistencia de las plagas.<\/p>\n<p>La cucaracha alemana mide de 10 a 15 mil\u00edmetros de longitud, su cuerpo est\u00e1 aplanado, lo que le facilita refugiarse en grietas y huecos. Su cuerpo est\u00e1 dividido en tres regiones: cabeza, t\u00f3rax y abdomen; adem\u00e1s de dos pares de alas en el t\u00f3rax y tienen tres pares de pata<\/p>\n<p>En cuanto a su alimentaci\u00f3n, son omn\u00edvoras, por lo cual cualquier desecho org\u00e1nico sirve para su alimentaci\u00f3n. Incluso existe el\u00a0canibalismo entre ellas, la\u00a0coprofagia, la emetofagia\u00a0y la\u00a0necrofagia\u00a0entre ellas, es decir las adultas llegan a comerse a las peque\u00f1as y las peque\u00f1as se alimentan del excremento de las adultas o las mayores y adultas se alimentan de los cad\u00e1veres de otras cucarachas.<\/p>\n","protected":false},"excerpt":{"rendered":"<p>\ud83d\udd38Las altas temperaturas propician que se eleve la presencia de estos insectos, que adem\u00e1s, cada d\u00eda son m\u00e1s resistentes a los pesticidas. #CDMX | Actualmente M\u00e9xico se encuentra en su segunda ola de calor, en la que las altas temperaturas no s\u00f3lo propician enfermedades entre las personas, sino que tambi\u00e9n favorece la proliferaci\u00f3n de la [&hellip;]<\/p>\n","protected":false},"author":1,"featured_media":34766,"comment_status":"open","ping_status":"closed","sticky":false,"template":"","format":"standard","meta":{"footnotes":""},"categories":[16],"tags":[],"class_list":["post-34764","post","type-post","status-publish","format-standard","has-post-thumbnail","hentry","category-cdmx"],"_links":{"self":[{"href":"https:\/\/solidaridadnews.com\/index.php?rest_route=\/wp\/v2\/posts\/34764","targetHints":{"allow":["GET"]}}],"collection":[{"href":"https:\/\/solidaridadnews.com\/index.php?rest_route=\/wp\/v2\/posts"}],"about":[{"href":"https:\/\/solidaridadnews.com\/index.php?rest_route=\/wp\/v2\/types\/post"}],"author":[{"embeddable":true,"href":"https:\/\/solidaridadnews.com\/index.php?rest_route=\/wp\/v2\/users\/1"}],"replies":[{"embeddable":true,"href":"https:\/\/solidaridadnews.com\/index.php?rest_route=%2Fwp%2Fv2%2Fcomments&post=34764"}],"version-history":[{"count":1,"href":"https:\/\/solidaridadnews.com\/index.php?rest_route=\/wp\/v2\/posts\/34764\/revisions"}],"predecessor-version":[{"id":34765,"href":"https:\/\/solidaridadnews.com\/index.php?rest_route=\/wp\/v2\/posts\/34764\/revisions\/34765"}],"wp:featuredmedia":[{"embeddable":true,"href":"https:\/\/solidaridadnews.com\/index.php?rest_route=\/wp\/v2\/media\/34766"}],"wp:attachment":[{"href":"https:\/\/solidaridadnews.com\/index.php?rest_route=%2Fwp%2Fv2%2Fmedia&parent=34764"}],"wp:term":[{"taxonomy":"category","embeddable":true,"href":"https:\/\/solidaridadnews.com\/index.php?rest_route=%2Fwp%2Fv2%2Fcategories&post=34764"},{"taxonomy":"post_tag","embeddable":true,"href":"https:\/\/solidaridadnews.com\/index.php?rest_route=%2Fwp%2Fv2%2Ftags&post=34764"}],"curies":[{"name":"wp","href":"https:\/\/api.w.org\/{rel}","templated":true}]}}