{"id":34749,"date":"2024-08-01T12:13:58","date_gmt":"2024-08-01T17:13:58","guid":{"rendered":"https:\/\/solidaridadnews.com\/?p=34749"},"modified":"2024-08-01T17:13:59","modified_gmt":"2024-08-01T17:13:59","slug":"festival-de-comic-marambo-una-propuesta-importante-en-morelos","status":"publish","type":"post","link":"https:\/\/solidaridadnews.com\/?p=34749","title":{"rendered":"Festival de C\u00f3mic Marambo, una propuesta importante en Morelos"},"content":{"rendered":"<h4>Se ha consolidado como una propuesta del arte y la cultura local, impulsando principalmente el trabajo del c\u00f3mic independiente.<\/h4>\n<p>#MORELOS | El Festival de C\u00f3mic Marambo se ha consolidado en Morelos como una propuesta importante en el arte y la cultura local, impulsando principalmente el trabajo del c\u00f3mic independiente. Del 2 al 4 de agosto tendr\u00e1 su quinta edici\u00f3n con invitados de lujo.<\/p>\n<p>Este importante festival es una iniciativa de Denisse Buend\u00eda (escritora y editora); Ulises Garc\u00eda (coordinador editorial) y Jos\u00e9 Luis Pescador (dibujante y editor). Adem\u00e1s, el nombre de Marambo hace referencia a un peculiar personaje que invent\u00f3 Jos\u00e9 Luis Pescador.<\/p>\n<p>\u201cNos reunimos Jos\u00e9 Luis Pescador, Denisse Buend\u00eda y yo con la idea de buscar apoyos y que se hiciera un producto impreso de este personaje llamado Marambo que es una invenci\u00f3n de Jos\u00e9 Luis Pescador; y que se hicieran varios tomos de revistas, pero en ese momento no hab\u00eda las condiciones para que la entonces Secretar\u00eda de Cultura nos apoyara, pero se abri\u00f3 la posibilidad de hacer un festival de c\u00f3mic independiente\u201d, expres\u00f3 Ulises Garc\u00eda.<\/p>\n<p>Asimismo, detall\u00f3 que Marambo es un personaje peculiar, como una especie de diablito que no tiene precisamente una l\u00ednea de tiempo, de pronto aparece en Nueva York en 1920 y de pronto en Cuba a mitad de la revoluci\u00f3n y en ocasiones en M\u00e9xico en \u00e9pocas actuales o con superh\u00e9roes comerciales.<\/p>\n<p>El Festival de C\u00f3mic Marambo, propuesto en la ciudad de Cuernavaca, tiene como objetivo poner al alcance de las y los lectores la variada y rica producci\u00f3n de c\u00f3mic que actualmente se hace en nuestro pa\u00eds; ya que el c\u00f3mic hecho en M\u00e9xico vive uno de sus mejores momentos, cada vez m\u00e1s autores y un amplio abanico tem\u00e1tico para todos los gustos lo demuestran.<\/p>\n<p>Durante cuatro ediciones se han dado a conocer distintos proyectos, algunos incluso han sido presentados por primera vez en el Festival de c\u00f3mic Marambo y que con el paso de los a\u00f1os han crecido a nivel nacional e incluso internacional. Han tenido como sede dos lugares de mucha importancia en la vida cultural de Morelos el Centro de Desarrollo Comunitario (CDC) Los Chocolates y el Museo Morelense de Arte Contempor\u00e1neo (MMAC) Juan Soriano.<\/p>\n<p>Durante el festival podremos ver varios stands con venta de productos y tambi\u00e9n diversas presentaciones de c\u00f3mics y proyectos, que abordan distintas tem\u00e1ticas.<\/p>\n","protected":false},"excerpt":{"rendered":"<p>Se ha consolidado como una propuesta del arte y la cultura local, impulsando principalmente el trabajo del c\u00f3mic independiente. #MORELOS | El Festival de C\u00f3mic Marambo se ha consolidado en Morelos como una propuesta importante en el arte y la cultura local, impulsando principalmente el trabajo del c\u00f3mic independiente. Del 2 al 4 de agosto [&hellip;]<\/p>\n","protected":false},"author":1,"featured_media":34751,"comment_status":"open","ping_status":"closed","sticky":false,"template":"","format":"standard","meta":{"footnotes":""},"categories":[33],"tags":[],"class_list":["post-34749","post","type-post","status-publish","format-standard","has-post-thumbnail","hentry","category-morelos"],"_links":{"self":[{"href":"https:\/\/solidaridadnews.com\/index.php?rest_route=\/wp\/v2\/posts\/34749","targetHints":{"allow":["GET"]}}],"collection":[{"href":"https:\/\/solidaridadnews.com\/index.php?rest_route=\/wp\/v2\/posts"}],"about":[{"href":"https:\/\/solidaridadnews.com\/index.php?rest_route=\/wp\/v2\/types\/post"}],"author":[{"embeddable":true,"href":"https:\/\/solidaridadnews.com\/index.php?rest_route=\/wp\/v2\/users\/1"}],"replies":[{"embeddable":true,"href":"https:\/\/solidaridadnews.com\/index.php?rest_route=%2Fwp%2Fv2%2Fcomments&post=34749"}],"version-history":[{"count":1,"href":"https:\/\/solidaridadnews.com\/index.php?rest_route=\/wp\/v2\/posts\/34749\/revisions"}],"predecessor-version":[{"id":34750,"href":"https:\/\/solidaridadnews.com\/index.php?rest_route=\/wp\/v2\/posts\/34749\/revisions\/34750"}],"wp:featuredmedia":[{"embeddable":true,"href":"https:\/\/solidaridadnews.com\/index.php?rest_route=\/wp\/v2\/media\/34751"}],"wp:attachment":[{"href":"https:\/\/solidaridadnews.com\/index.php?rest_route=%2Fwp%2Fv2%2Fmedia&parent=34749"}],"wp:term":[{"taxonomy":"category","embeddable":true,"href":"https:\/\/solidaridadnews.com\/index.php?rest_route=%2Fwp%2Fv2%2Fcategories&post=34749"},{"taxonomy":"post_tag","embeddable":true,"href":"https:\/\/solidaridadnews.com\/index.php?rest_route=%2Fwp%2Fv2%2Ftags&post=34749"}],"curies":[{"name":"wp","href":"https:\/\/api.w.org\/{rel}","templated":true}]}}