{"id":34710,"date":"2024-07-31T11:41:45","date_gmt":"2024-07-31T16:41:45","guid":{"rendered":"https:\/\/solidaridadnews.com\/?p=34710"},"modified":"2024-07-31T16:41:46","modified_gmt":"2024-07-31T16:41:46","slug":"reportan-la-muerte-de-isamail-haniyeh-lider-politico-de-hamas","status":"publish","type":"post","link":"https:\/\/solidaridadnews.com\/?p=34710","title":{"rendered":"Reportan la muerte de Isamail Haniyeh, l\u00edder pol\u00edtico de Ham\u00e1s"},"content":{"rendered":"<p>La Guardia Revolucionaria de Ir\u00e1n y medios de ese pa\u00eds est\u00e1n confirmando el fallecimiento<\/p>\n<p>La Guardia Revolucionaria de Ir\u00e1n inform\u00f3 este mi\u00e9rcoles que el dirigente de Ham\u00e1s, Ismail Haniyeh, fue asesinado en la capital de Teher\u00e1n.<\/p>\n<p>Nadie se atribuy\u00f3 la autor\u00eda del asesinato por el momento, pero las sospechas recayeron de inmediato en Israel, que hab\u00eda prometido matar a Haniyeh y a otros dirigentes de Ham\u00e1s por el ataque de la guerrilla en el sur de Israel el 7 de octubre, en el que murieron mil 200 personas y otras 250 fueron tomadas como cautivos.<\/p>\n<p>Medios hablan de la muerte de Ismail Haniyeh<br \/>\nEl comunicado de Ir\u00e1n no proporcion\u00f3 detalles sobre c\u00f3mo fue asesinado Haniyeh. La televisi\u00f3n estatal iran\u00ed report\u00f3 su muerte el mi\u00e9rcoles temprano, y los analistas empezaron a culpar a Israel por el ataque.<\/p>\n<p>De momento, Israel no hab\u00eda comentado al respecto, pero no suele hacerlo cuando se trata de un asesinato perpetrado por su agencia de inteligencia Mossad.<\/p>\n<p>Israel es sospechoso de llevar a cabo durante a\u00f1os una campa\u00f1a de asesinatos contra cient\u00edficos nucleares iran\u00edes y otras personas relacionadas con su programa at\u00f3mico.<\/p>\n<p>M\u00e1s de 39 mil 360 palestinos han muerto y m\u00e1s de 90 mil 900 han resultado heridos por la ofensiva militar lanzada por Israel en Gaza en respuesta al ataque del 7 de octubre, seg\u00fan el Ministerio de Salud de la Franja de Gaza, cuyo recuento no distingue entre civiles y combatientes.<\/p>\n<p>&nbsp;<\/p>\n<p>Ham\u00e1s culpa a Israel<br \/>\nPor su parte, Ham\u00e1s acus\u00f3 a Israel de dirigir las operaciones para terminar con la vida de Ismail Haniyeh: \u201cLa residencia de Ismail Haniyeh, jefe de la oficina pol\u00edtica de la Resistencia Isl\u00e1mica Ham\u00e1s, fue atacada en Teher\u00e1n y, como resultado de este incidente, \u00e9l y uno de sus guardaespaldas fueron martirizados\u201d.<\/p>\n<p>\u201cHermano, l\u00edder, el muyahid\u00edn Ismail Haniyeh, l\u00edder del movimiento, muri\u00f3 en un ataque sionista en sus oficinas en Teher\u00e1n despu\u00e9s de que participara en la investidura del nuevo presidente iran\u00ed\u201d, expuso Ham\u00e1s.<\/p>\n","protected":false},"excerpt":{"rendered":"<p>La Guardia Revolucionaria de Ir\u00e1n y medios de ese pa\u00eds est\u00e1n confirmando el fallecimiento La Guardia Revolucionaria de Ir\u00e1n inform\u00f3 este mi\u00e9rcoles que el dirigente de Ham\u00e1s, Ismail Haniyeh, fue asesinado en la capital de Teher\u00e1n. Nadie se atribuy\u00f3 la autor\u00eda del asesinato por el momento, pero las sospechas recayeron de inmediato en Israel, que [&hellip;]<\/p>\n","protected":false},"author":1,"featured_media":34712,"comment_status":"open","ping_status":"closed","sticky":false,"template":"","format":"standard","meta":{"footnotes":""},"categories":[9],"tags":[],"class_list":["post-34710","post","type-post","status-publish","format-standard","has-post-thumbnail","hentry","category-internacional"],"_links":{"self":[{"href":"https:\/\/solidaridadnews.com\/index.php?rest_route=\/wp\/v2\/posts\/34710","targetHints":{"allow":["GET"]}}],"collection":[{"href":"https:\/\/solidaridadnews.com\/index.php?rest_route=\/wp\/v2\/posts"}],"about":[{"href":"https:\/\/solidaridadnews.com\/index.php?rest_route=\/wp\/v2\/types\/post"}],"author":[{"embeddable":true,"href":"https:\/\/solidaridadnews.com\/index.php?rest_route=\/wp\/v2\/users\/1"}],"replies":[{"embeddable":true,"href":"https:\/\/solidaridadnews.com\/index.php?rest_route=%2Fwp%2Fv2%2Fcomments&post=34710"}],"version-history":[{"count":1,"href":"https:\/\/solidaridadnews.com\/index.php?rest_route=\/wp\/v2\/posts\/34710\/revisions"}],"predecessor-version":[{"id":34711,"href":"https:\/\/solidaridadnews.com\/index.php?rest_route=\/wp\/v2\/posts\/34710\/revisions\/34711"}],"wp:featuredmedia":[{"embeddable":true,"href":"https:\/\/solidaridadnews.com\/index.php?rest_route=\/wp\/v2\/media\/34712"}],"wp:attachment":[{"href":"https:\/\/solidaridadnews.com\/index.php?rest_route=%2Fwp%2Fv2%2Fmedia&parent=34710"}],"wp:term":[{"taxonomy":"category","embeddable":true,"href":"https:\/\/solidaridadnews.com\/index.php?rest_route=%2Fwp%2Fv2%2Fcategories&post=34710"},{"taxonomy":"post_tag","embeddable":true,"href":"https:\/\/solidaridadnews.com\/index.php?rest_route=%2Fwp%2Fv2%2Ftags&post=34710"}],"curies":[{"name":"wp","href":"https:\/\/api.w.org\/{rel}","templated":true}]}}