{"id":34604,"date":"2024-07-27T18:30:30","date_gmt":"2024-07-27T23:30:30","guid":{"rendered":"https:\/\/solidaridadnews.com\/?p=34604"},"modified":"2024-07-28T03:49:18","modified_gmt":"2024-07-28T03:49:18","slug":"brincos-dieras-se-confiesa-con-yordi-rosado","status":"publish","type":"post","link":"https:\/\/solidaridadnews.com\/?p=34604","title":{"rendered":"Brincos Dieras se confiesa con Yordi Rosado"},"content":{"rendered":"<h4>El comediante revel\u00f3 c\u00f3mo ha sido su experiencia al trabajar para grupos del crimen organizado.<\/h4>\n<p>#ESPECT\u00c1CULOS | Brincos Dieras, el comediante mexicano que ha estado en tendencia y en boca de todos en los \u00faltimos d\u00edas, volvi\u00f3 a ser tema de conversaci\u00f3n luego de haber sido entrevistado por Yordi Rosado el pasado domingo 7 de julio y revel\u00f3 c\u00f3mo ha sido el impacto de su fama en varias audiencias.<\/p>\n<p>El comediante ha sido aclamado por miles de seguidores que comulgan con su humor negro y \u00e1cido, y\u00a0su alcance ha sido tal que incluso\u00a0tiene fan\u00e1ticos y seguidores que forman parte de grupos criminales, pues asegur\u00f3 que incluso ha dado shows privados para ellos.<\/p>\n<p>Yordi Rosado se ha consagrado como uno de los mejores entrevistadores en YouTube gracias a su canal donde se encarga de conversar con celebridades mexicanas, e incluso ha logrado que varios confiesen cosas que mejor tuvieron que haberse guardado.<\/p>\n<p>En esta ocasi\u00f3n, Yordi tuvo de invitado al comediante y payaso, Brincos Dieras, y mientras hablaban de su trayectoria, Yordi logr\u00f3 que el comediante revelara si ha sido contratado por grupos criminales para darles shows privados, y \u200bes que no ha sido una sola vez, pues ya ha tenido m\u00e1s que uno que otro encuentro con ellos.<\/p>\n<p>\u00abSaludos a mis amigos, jaja, no es cierto\u00bb, brome\u00f3 Brincos Dieras y agreg\u00f3, \u00abS\u00ed, s\u00ed he ido a bastantes eventos.\u00a0Son de los eventos que ya no hago porque no me da el tiempo ahora, pero cuando te hablan esas personas, pues tienes que dar la atenci\u00f3n.\u00bb, subray\u00f3 Brincos Dieras en entrevista con Yordi Rosado.<\/p>\n<p>Si bien, muchos pueden pensar que la experiencia del comediante en este tipo de eventos no es muy agradables, sin embargo, revel\u00f3 que su vivencia ha sido \u00abmuy positiva\u00bb, y han sido contadas las veces en las que realmente sinti\u00f3 terror verdadero.<\/p>\n<p>\u00abMe la paso bien chido, te atienden bien padre, te dan snacks, te preguntan \u2018qu\u00e9 le falta\u2019, a toda madre, y es un show normalito, como si fuera un show de los normalitos.\u00bb, afirm\u00f3 Brincos Dieras.<\/p>\n<p>Si bien, el comediante coment\u00f3 que nunca fue agredido por las personas que lo contrataron para darles \u200bun show privado, pero s\u00ed ha sido advertido de no hacer comentarios o chistes dirigidos a personas espec\u00edficas para evitarse malos momentos.<\/p>\n<p>\u00abLa vez pasada fui y uno de ellos, el jefe dijo: \u2018Nada m\u00e1s con las mujeres no\u2019, porque pensaban a lo mejor que les iba a hacer el pinche helic\u00f3ptero, pero no, excelente, la verdad que muy bien, y es gente normal.\u00bb, asever\u00f3 Brincos Dieras.<\/p>\n<p>De igual manera, record\u00f3 que en una ocasi\u00f3n donde fue invitado junto a \u00d3scar Burgos, Poncho de Nigris y Mike Salazar al podcast de Jos\u00e9 Luis Zagar, revel\u00f3 c\u00f3mo fue amenazado por un integrante de un grupo criminal tras haber realizado varios chistes fuertes sobre \u00e9l, algo que se le pidi\u00f3 por parte de los jefes que lo contrataron para dar el show.<\/p>\n<p>\u00abAl chile ya estaba todo estresado. Y durante el show, las personas que me contrataron me dieron un papelito que dec\u00eda t\u00edrale aquel fulano, pero mach\u00edn puto, porque hay propina. Y bueno, ah\u00ed llego yo, comienzo el show frente a 20 cabrones, eran puros vatos. Ya despu\u00e9s de 40 minutos me acord\u00e9 de que me estaba pidiendo el jefe; identifico al vato que me dijeron y le empiezo a tirar una madrea** bien sabrosa que jal\u00f3 con madre.\u00bb, record\u00f3 Brincos Dieras.<\/p>\n<p>Sin embargo, el hombres al que le hizo los chistes no le cay\u00f3 nada bien la jiribilla que le estaba cargando, a lo que procedi\u00f3 a sacar su pistola y le dijo, \u00abHe t\u00edrale a otro put*, a m\u00ed no.\u00bb, pero la reacci\u00f3n de Brincos Dieras fue inesperada, pues se acerc\u00f3 a \u00e9l, tom\u00f3 la pistola y se la puso en sus gl\u00fateos y expres\u00f3, \u00abOhhh s\u00ed, ohh s\u00ed.\u00bb<\/p>\n","protected":false},"excerpt":{"rendered":"<p>El comediante revel\u00f3 c\u00f3mo ha sido su experiencia al trabajar para grupos del crimen organizado. #ESPECT\u00c1CULOS | Brincos Dieras, el comediante mexicano que ha estado en tendencia y en boca de todos en los \u00faltimos d\u00edas, volvi\u00f3 a ser tema de conversaci\u00f3n luego de haber sido entrevistado por Yordi Rosado el pasado domingo 7 de [&hellip;]<\/p>\n","protected":false},"author":1,"featured_media":34606,"comment_status":"open","ping_status":"closed","sticky":false,"template":"","format":"standard","meta":{"footnotes":""},"categories":[3],"tags":[],"class_list":["post-34604","post","type-post","status-publish","format-standard","has-post-thumbnail","hentry","category-espectaculos"],"_links":{"self":[{"href":"https:\/\/solidaridadnews.com\/index.php?rest_route=\/wp\/v2\/posts\/34604","targetHints":{"allow":["GET"]}}],"collection":[{"href":"https:\/\/solidaridadnews.com\/index.php?rest_route=\/wp\/v2\/posts"}],"about":[{"href":"https:\/\/solidaridadnews.com\/index.php?rest_route=\/wp\/v2\/types\/post"}],"author":[{"embeddable":true,"href":"https:\/\/solidaridadnews.com\/index.php?rest_route=\/wp\/v2\/users\/1"}],"replies":[{"embeddable":true,"href":"https:\/\/solidaridadnews.com\/index.php?rest_route=%2Fwp%2Fv2%2Fcomments&post=34604"}],"version-history":[{"count":1,"href":"https:\/\/solidaridadnews.com\/index.php?rest_route=\/wp\/v2\/posts\/34604\/revisions"}],"predecessor-version":[{"id":34605,"href":"https:\/\/solidaridadnews.com\/index.php?rest_route=\/wp\/v2\/posts\/34604\/revisions\/34605"}],"wp:featuredmedia":[{"embeddable":true,"href":"https:\/\/solidaridadnews.com\/index.php?rest_route=\/wp\/v2\/media\/34606"}],"wp:attachment":[{"href":"https:\/\/solidaridadnews.com\/index.php?rest_route=%2Fwp%2Fv2%2Fmedia&parent=34604"}],"wp:term":[{"taxonomy":"category","embeddable":true,"href":"https:\/\/solidaridadnews.com\/index.php?rest_route=%2Fwp%2Fv2%2Fcategories&post=34604"},{"taxonomy":"post_tag","embeddable":true,"href":"https:\/\/solidaridadnews.com\/index.php?rest_route=%2Fwp%2Fv2%2Ftags&post=34604"}],"curies":[{"name":"wp","href":"https:\/\/api.w.org\/{rel}","templated":true}]}}