{"id":34599,"date":"2024-07-27T16:00:33","date_gmt":"2024-07-27T21:00:33","guid":{"rendered":"https:\/\/solidaridadnews.com\/?p=34599"},"modified":"2024-07-28T03:40:56","modified_gmt":"2024-07-28T03:40:56","slug":"cazzu-reacciona-a-boda-angela-aguilar-y-nodal-lanza-cancion","status":"publish","type":"post","link":"https:\/\/solidaridadnews.com\/?p=34599","title":{"rendered":"Cazzu reacciona a boda \u00c1ngela Aguilar y Nodal lanza canci\u00f3n"},"content":{"rendered":"<h4>La canci\u00f3n comienza con un \u00abnunca me va a importar lo que hable la gente\u00bb.<\/h4>\n<p>#ESPECT\u00c1CULOS | La boda de \u00c1ngela Aguilar y Christian Nodal ha acaparado la atenci\u00f3n de las redes sociales y durante los \u00faltimos d\u00edas no se habla de otra cosa. Sin embargo, quienes no han podido escapar de la pol\u00e9mica han sido las exparejas del ahora reci\u00e9n casado, Belinda y Cazzu. Y se han sorprendido ante la reacci\u00f3n de la cantante argentina, pues a solo horas del enlace ha lanzado una canci\u00f3n.<\/p>\n<p>Nodal y \u00c1ngela Aguilar est\u00e1n en el centro de atenci\u00f3n por la que ahora es considerada como la boda del a\u00f1o: su enlace civil en la Hacienda San Gabriel de Las Palmas en el estado de Morelos. A pesar de que todas las miradas se han posado en los reci\u00e9n casados, los seguidores del cantante mexicano se han preguntado por Cazzu e Inti, la beb\u00e9 que tuvieron juntos, ya que la ni\u00f1a no estuvo presente en el enlace nupcial de su padre.<\/p>\n<p>As\u00ed que mientras la hija de Pepe Aguilar y el int\u00e9rprete de \u00abDe los Besos que te di\u00bb se encontraban disfrutando de las mieles del amor, la rapera argentina lanzaba &#8216;modo animal&#8217; su m\u00e1s reciente colaboraci\u00f3n con el cantante uruguayo Mesita.<\/p>\n<p>Si bien es cierto que Julieta Emilia Cazzuchelli, su nombre de pila no ha usado las redes sociales para promocionar este proyecto, en las im\u00e1genes que se han filtrado en las redes sociales, se puede ver a Cazzu usando un outfit ajustado de color negro que da la impresi\u00f3n de ser una femme fatal, mismo que de inmediato se hizo viral.<\/p>\n<p>A pesar de que muchos pensaban que la conocida como \u00abLa Jefa\u00bb har\u00eda una \u00abtiradera\u00bb al estilo de Shakira contra Piqu\u00e9, la argentina prefiri\u00f3 guardar silencio y enfocarse m\u00e1s en su estado emocional.<\/p>\n<p>\u00abNunca me va a importar lo que hable la gente\u00bb, comienza la canci\u00f3n de Cazzu, probablemente haciendo referencia a las especulaciones que han surgido en torno a su separaci\u00f3n de Nodal, para luego asegurar: \u00abNunca lo voy a superar\u00bb.<\/p>\n<p>En otro estribillo menciona: \u00abYo soy tu bandida, tu bandolera\u00bb lo que podr\u00edas ser una indirecta a prop\u00f3sito del sobrenombre del cantante de regional mexicano, que es \u00abEl Forajido\u00bb.<\/p>\n<p>Es impresionante todo el apoyo virtual que ha recibido Cazzu luego de la separaci\u00f3n con Nodal, ya que miles de fans desean que rehaga su vida personal y sea exitosa en su carrera.<\/p>\n","protected":false},"excerpt":{"rendered":"<p>La canci\u00f3n comienza con un \u00abnunca me va a importar lo que hable la gente\u00bb. #ESPECT\u00c1CULOS | La boda de \u00c1ngela Aguilar y Christian Nodal ha acaparado la atenci\u00f3n de las redes sociales y durante los \u00faltimos d\u00edas no se habla de otra cosa. Sin embargo, quienes no han podido escapar de la pol\u00e9mica han [&hellip;]<\/p>\n","protected":false},"author":1,"featured_media":0,"comment_status":"open","ping_status":"closed","sticky":false,"template":"","format":"standard","meta":{"footnotes":""},"categories":[3],"tags":[],"class_list":["post-34599","post","type-post","status-publish","format-standard","hentry","category-espectaculos"],"_links":{"self":[{"href":"https:\/\/solidaridadnews.com\/index.php?rest_route=\/wp\/v2\/posts\/34599","targetHints":{"allow":["GET"]}}],"collection":[{"href":"https:\/\/solidaridadnews.com\/index.php?rest_route=\/wp\/v2\/posts"}],"about":[{"href":"https:\/\/solidaridadnews.com\/index.php?rest_route=\/wp\/v2\/types\/post"}],"author":[{"embeddable":true,"href":"https:\/\/solidaridadnews.com\/index.php?rest_route=\/wp\/v2\/users\/1"}],"replies":[{"embeddable":true,"href":"https:\/\/solidaridadnews.com\/index.php?rest_route=%2Fwp%2Fv2%2Fcomments&post=34599"}],"version-history":[{"count":1,"href":"https:\/\/solidaridadnews.com\/index.php?rest_route=\/wp\/v2\/posts\/34599\/revisions"}],"predecessor-version":[{"id":34600,"href":"https:\/\/solidaridadnews.com\/index.php?rest_route=\/wp\/v2\/posts\/34599\/revisions\/34600"}],"wp:attachment":[{"href":"https:\/\/solidaridadnews.com\/index.php?rest_route=%2Fwp%2Fv2%2Fmedia&parent=34599"}],"wp:term":[{"taxonomy":"category","embeddable":true,"href":"https:\/\/solidaridadnews.com\/index.php?rest_route=%2Fwp%2Fv2%2Fcategories&post=34599"},{"taxonomy":"post_tag","embeddable":true,"href":"https:\/\/solidaridadnews.com\/index.php?rest_route=%2Fwp%2Fv2%2Ftags&post=34599"}],"curies":[{"name":"wp","href":"https:\/\/api.w.org\/{rel}","templated":true}]}}