{"id":34562,"date":"2024-07-25T11:43:13","date_gmt":"2024-07-25T16:43:13","guid":{"rendered":"https:\/\/solidaridadnews.com\/?p=34562"},"modified":"2024-07-25T16:43:14","modified_gmt":"2024-07-25T16:43:14","slug":"funcionan-los-programas-sociales-en-nayarit-destaca-el-coneval","status":"publish","type":"post","link":"https:\/\/solidaridadnews.com\/?p=34562","title":{"rendered":"Funcionan los programas sociales en Nayarit, destaca el Coneval"},"content":{"rendered":"<h4>A nivel nacional, se\u00f1al\u00f3 que M\u00e9xico ha experimentado una reducci\u00f3n significativa en los niveles de pobreza en los \u00faltimos a\u00f1os. Desde el a\u00f1o 2020 hasta 2022.<\/h4>\n<p>En un evento de capacitaci\u00f3n, el doctor Jos\u00e9 Nabor Cruz Marcelo, secretario ejecutivo del Consejo Nacional de Evaluaci\u00f3n de la Pol\u00edtica de Desarrollo Social (CONEVAL), abord\u00f3 diversos aspectos relacionados con la situaci\u00f3n de la pobreza en Nayarit y los esfuerzos para mitigarla.<\/p>\n<p>Seg\u00fan datos recientes del Instituto Nacional de Estad\u00edstica y Geograf\u00eda (INEGI) y del CONEVAL, aproximadamente un tercio de la poblaci\u00f3n en Nayarit se encuentra en situaci\u00f3n de pobreza multidimensional, lo que implica carencias en al menos seis dimensiones clave como educaci\u00f3n, salud, vivienda, servicios b\u00e1sicos e infraestructura, as\u00ed como deficiencias en la calidad nutritiva de la alimentaci\u00f3n. Esta situaci\u00f3n coloca a Nayarit por encima del promedio nacional en t\u00e9rminos de pobreza multidimensional, aunque el estado ha mostrado avances significativos en los \u00faltimos a\u00f1os.<\/p>\n<p>El doctor Cruz Marcelo destac\u00f3 que, a pesar de los desaf\u00edos persistentes, Nayarit ha logrado posicionarse cerca del d\u00e9cimo lugar entre las entidades federativas con menores niveles de pobreza multidimensional. Este progreso, seg\u00fan explic\u00f3, se ha alcanzado gracias a pol\u00edticas p\u00fablicas enfocadas en mejorar los ingresos laborales y en fortalecer los programas sociales, como el IMSS-Bienestar, que han contribuido a reducir las disparidades socioecon\u00f3micas.<\/p>\n<p>\u201cEs alentador observar c\u00f3mo los ingresos laborales han jugado un papel crucial en la disminuci\u00f3n de la pobreza en Nayarit. Adem\u00e1s, hemos visto mejoras notables en acceso a servicios de salud y educaci\u00f3n, aunque estos avances a\u00fan deben ser consolidados y ampliados, especialmente en municipios con altos \u00edndices de pobreza como El Nayar\u201d, coment\u00f3 el secretario ejecutivo del CONEVAL.<\/p>\n<p>A nivel nacional, se\u00f1al\u00f3 que M\u00e9xico ha experimentado una reducci\u00f3n significativa en los niveles de pobreza en los \u00faltimos a\u00f1os. Desde el a\u00f1o 2020 hasta 2022, la pobreza ha disminuido en aproximadamente seis puntos porcentuales, pasando de un 43.9 por ciento a un 36.3 por ciento a nivel nacional. Esta mejora representa una reducci\u00f3n de cerca de cinco millones de personas en situaci\u00f3n de pobreza durante el sexenio del presidente L\u00f3pez Obrador.<\/p>\n<p>\u201cLos programas sociales implementados han sido fundamentales para alcanzar estos resultados, pero tambi\u00e9n es crucial mencionar el impacto positivo del aumento en los salarios m\u00ednimos a nivel nacional. Este incremento ha contribuido no s\u00f3lo a mejorar los ingresos de las familias mexicanas, sino tambi\u00e9n a reducir la pobreza laboral, que ha vuelto a niveles pre-pand\u00e9micos en el primer trimestre de 2024\u201d, explic\u00f3 Cruz Marcelo.<\/p>\n<p>El funcionario subray\u00f3 que, a pesar de los avances, persisten retos significativos en la erradicaci\u00f3n de la pobreza en Nayarit y en todo M\u00e9xico. En particular, la regi\u00f3n de El Nayar enfrenta desaf\u00edos adicionales, con m\u00e1s del 60 por ciento de su poblaci\u00f3n viviendo en condiciones de pobreza, lo que representa el doble del promedio estatal. Este municipio, ubicado en la zona centro-norte del pa\u00eds, es uno de los m\u00e1s afectados por la pobreza extrema, junto con otras regiones como algunos municipios de Oaxaca y Chiapas, donde hasta el 90 por ciento de la poblaci\u00f3n enfrenta esta realidad.<\/p>\n<p>\u201cEl compromiso conjunto entre el gobierno estatal y los municipios es fundamental para implementar estrategias efectivas que mejoren la calidad de vida de los habitantes de Del Nayar y de otras zonas vulnerables. Esto incluye fortalecer la oferta gubernamental de servicios b\u00e1sicos como salud y educaci\u00f3n, as\u00ed como garantizar un acceso equitativo a oportunidades de desarrollo\u201d, enfatiz\u00f3 Cruz Marcelo durante las capacitaciones.<\/p>\n<p>Las sesiones de capacitaci\u00f3n en Tepic, que incluyeron temas como la medici\u00f3n de la pobreza y la construcci\u00f3n de indicadores de desarrollo social, reflejan el compromiso continuo de las autoridades locales y nacionales en la b\u00fasqueda de soluciones efectivas para combatir la pobreza y promover un desarrollo inclusivo en Nayarit y en todo M\u00e9xico.<\/p>\n","protected":false},"excerpt":{"rendered":"<p>A nivel nacional, se\u00f1al\u00f3 que M\u00e9xico ha experimentado una reducci\u00f3n significativa en los niveles de pobreza en los \u00faltimos a\u00f1os. Desde el a\u00f1o 2020 hasta 2022. En un evento de capacitaci\u00f3n, el doctor Jos\u00e9 Nabor Cruz Marcelo, secretario ejecutivo del Consejo Nacional de Evaluaci\u00f3n de la Pol\u00edtica de Desarrollo Social (CONEVAL), abord\u00f3 diversos aspectos relacionados [&hellip;]<\/p>\n","protected":false},"author":1,"featured_media":34564,"comment_status":"open","ping_status":"closed","sticky":false,"template":"","format":"standard","meta":{"footnotes":""},"categories":[27],"tags":[],"class_list":["post-34562","post","type-post","status-publish","format-standard","has-post-thumbnail","hentry","category-nayarit"],"_links":{"self":[{"href":"https:\/\/solidaridadnews.com\/index.php?rest_route=\/wp\/v2\/posts\/34562","targetHints":{"allow":["GET"]}}],"collection":[{"href":"https:\/\/solidaridadnews.com\/index.php?rest_route=\/wp\/v2\/posts"}],"about":[{"href":"https:\/\/solidaridadnews.com\/index.php?rest_route=\/wp\/v2\/types\/post"}],"author":[{"embeddable":true,"href":"https:\/\/solidaridadnews.com\/index.php?rest_route=\/wp\/v2\/users\/1"}],"replies":[{"embeddable":true,"href":"https:\/\/solidaridadnews.com\/index.php?rest_route=%2Fwp%2Fv2%2Fcomments&post=34562"}],"version-history":[{"count":1,"href":"https:\/\/solidaridadnews.com\/index.php?rest_route=\/wp\/v2\/posts\/34562\/revisions"}],"predecessor-version":[{"id":34563,"href":"https:\/\/solidaridadnews.com\/index.php?rest_route=\/wp\/v2\/posts\/34562\/revisions\/34563"}],"wp:featuredmedia":[{"embeddable":true,"href":"https:\/\/solidaridadnews.com\/index.php?rest_route=\/wp\/v2\/media\/34564"}],"wp:attachment":[{"href":"https:\/\/solidaridadnews.com\/index.php?rest_route=%2Fwp%2Fv2%2Fmedia&parent=34562"}],"wp:term":[{"taxonomy":"category","embeddable":true,"href":"https:\/\/solidaridadnews.com\/index.php?rest_route=%2Fwp%2Fv2%2Fcategories&post=34562"},{"taxonomy":"post_tag","embeddable":true,"href":"https:\/\/solidaridadnews.com\/index.php?rest_route=%2Fwp%2Fv2%2Ftags&post=34562"}],"curies":[{"name":"wp","href":"https:\/\/api.w.org\/{rel}","templated":true}]}}