{"id":34541,"date":"2024-07-24T12:53:50","date_gmt":"2024-07-24T17:53:50","guid":{"rendered":"https:\/\/solidaridadnews.com\/?p=34541"},"modified":"2024-07-24T17:53:51","modified_gmt":"2024-07-24T17:53:51","slug":"semadet-inicia-labores-de-reforestacion-en-zonas-afectadas-por-incendios","status":"publish","type":"post","link":"https:\/\/solidaridadnews.com\/?p=34541","title":{"rendered":"SEMADET inicia labores de reforestaci\u00f3n en zonas afectadas por incendios"},"content":{"rendered":"<h4>Participar\u00e1n 10 juntas intermunicipales en 20 municipios del estado y se plantar\u00e1n 97 mil 650 ejemplares de especies nativas.<\/h4>\n<p>La Secretar\u00eda de Medio Ambiente y Desarrollo Territorial (Semadet), en coordinaci\u00f3n con el Fideicomiso para la Administraci\u00f3n del Programa de Desarrollo Forestal del Estado de Jalisco (Fiprodefo) iniciaron acciones de reforestaci\u00f3n para promover la recuperaci\u00f3n forestal en \u00e1reas degradadas, especialmente afectadas por incendios forestales.<\/p>\n<p>Posterior a la temporada de estiaje, se han realizado an\u00e1lisis de sitios que todav\u00eda no presentan recuperaci\u00f3n natural adecuada y donde ser\u00e1 necesario realizar labores de reforestaci\u00f3n, estas fueron afectadas por incendios en 2020, 2021 y 2022. Se destinar\u00e1n 4 millones 39 mil 998 pesos para estas labores.<\/p>\n<p>Se plantar\u00e1n 97 mil 650 ejemplares, principalmente de pinus ocarpa, pinus hartwegii, pinus douglasiana, pinus devoniana, tepehuaje y mezquite, entre otras especies nativas de las diferentes regiones, cabe destacar que tienen condiciones para adaptarse a los ecosistemas afectados por incendios.<\/p>\n<p>La reforestaci\u00f3n se realizar\u00e1 en los municipios de Ayotl\u00e1n, Poncitl\u00e1n, Chapala, Lagos de Moreno, San Juan de los Lagos, La Huerta, Cihuatl\u00e1n, Atemajac de Brizuela, Tapalpa, Cuautla, Ayutla, Acatl\u00e1n de Ju\u00e1rez, El Arenal, Mezquitic, Autl\u00e1n de Navarro, Mazamitla, Tecalitl\u00e1n, Talpa de Allende, Cabo Corrientes y Mascota con la participaci\u00f3n de 10 juntas intermunicipales.<\/p>\n","protected":false},"excerpt":{"rendered":"<p>Participar\u00e1n 10 juntas intermunicipales en 20 municipios del estado y se plantar\u00e1n 97 mil 650 ejemplares de especies nativas. La Secretar\u00eda de Medio Ambiente y Desarrollo Territorial (Semadet), en coordinaci\u00f3n con el Fideicomiso para la Administraci\u00f3n del Programa de Desarrollo Forestal del Estado de Jalisco (Fiprodefo) iniciaron acciones de reforestaci\u00f3n para promover la recuperaci\u00f3n forestal [&hellip;]<\/p>\n","protected":false},"author":1,"featured_media":34543,"comment_status":"open","ping_status":"closed","sticky":false,"template":"","format":"standard","meta":{"footnotes":""},"categories":[23],"tags":[],"class_list":["post-34541","post","type-post","status-publish","format-standard","has-post-thumbnail","hentry","category-jalisco"],"_links":{"self":[{"href":"https:\/\/solidaridadnews.com\/index.php?rest_route=\/wp\/v2\/posts\/34541","targetHints":{"allow":["GET"]}}],"collection":[{"href":"https:\/\/solidaridadnews.com\/index.php?rest_route=\/wp\/v2\/posts"}],"about":[{"href":"https:\/\/solidaridadnews.com\/index.php?rest_route=\/wp\/v2\/types\/post"}],"author":[{"embeddable":true,"href":"https:\/\/solidaridadnews.com\/index.php?rest_route=\/wp\/v2\/users\/1"}],"replies":[{"embeddable":true,"href":"https:\/\/solidaridadnews.com\/index.php?rest_route=%2Fwp%2Fv2%2Fcomments&post=34541"}],"version-history":[{"count":1,"href":"https:\/\/solidaridadnews.com\/index.php?rest_route=\/wp\/v2\/posts\/34541\/revisions"}],"predecessor-version":[{"id":34542,"href":"https:\/\/solidaridadnews.com\/index.php?rest_route=\/wp\/v2\/posts\/34541\/revisions\/34542"}],"wp:featuredmedia":[{"embeddable":true,"href":"https:\/\/solidaridadnews.com\/index.php?rest_route=\/wp\/v2\/media\/34543"}],"wp:attachment":[{"href":"https:\/\/solidaridadnews.com\/index.php?rest_route=%2Fwp%2Fv2%2Fmedia&parent=34541"}],"wp:term":[{"taxonomy":"category","embeddable":true,"href":"https:\/\/solidaridadnews.com\/index.php?rest_route=%2Fwp%2Fv2%2Fcategories&post=34541"},{"taxonomy":"post_tag","embeddable":true,"href":"https:\/\/solidaridadnews.com\/index.php?rest_route=%2Fwp%2Fv2%2Ftags&post=34541"}],"curies":[{"name":"wp","href":"https:\/\/api.w.org\/{rel}","templated":true}]}}