{"id":34538,"date":"2024-07-24T12:51:22","date_gmt":"2024-07-24T17:51:22","guid":{"rendered":"https:\/\/solidaridadnews.com\/?p=34538"},"modified":"2024-07-24T17:51:24","modified_gmt":"2024-07-24T17:51:24","slug":"suman-cinco-muertos-tras-explosion-en-una-fabrica-de-tequila-jalisco","status":"publish","type":"post","link":"https:\/\/solidaridadnews.com\/?p=34538","title":{"rendered":"Suman cinco muertos tras explosi\u00f3n en una f\u00e1brica de Tequila, Jalisco"},"content":{"rendered":"<h4>El siniestro desat\u00f3 un incendio que afect\u00f3 otros tres contenedores, obligando a evacuar a los vecinos. Las autoridades trabajan en restablecer la seguridad y determinar la causa del estallido.<\/h4>\n<p>Cinco empleados de la empresa Jos\u00e9 Cuervo perdieron la vida y dos m\u00e1s resultaron lesionados, uno de gravedad, tras una explosi\u00f3n ocurrida el martes en un contenedor de 219 mil litros en las instalaciones de la compa\u00f1\u00eda, ubicada en el centro del municipio de Tequila, Jalisco.<\/p>\n<p>La Unidad Estatal de Protecci\u00f3n Civil del Estado de Jalisco (UEPCEJ) inform\u00f3 que el estallido provoc\u00f3 un incendio que se extendi\u00f3 a otros tres contenedores de igual capacidad. Victor Hugo Rold\u00e1n Guerrero, titular de la UEPCEJ, explic\u00f3 que un n\u00famero indeterminado de habitantes de las zonas aleda\u00f1as fueron desalojados y, al cierre de esta edici\u00f3n, a\u00fan no hab\u00edan regresado a sus viviendas.<\/p>\n<p>El personal especializado contin\u00faa revisando los puntos de calor, aunque Rold\u00e1n Guerrero asegur\u00f3 que la situaci\u00f3n est\u00e1 controlada y que los vecinos ya pueden retornar a sus hogares. Sin embargo, elementos del cuerpo de bomberos segu\u00edan trabajando en la zona de la explosi\u00f3n, que caus\u00f3 alarma entre residentes y turistas nacionales y extranjeros.<\/p>\n<p>En el lugar, laboraban equipos combinados de 35 bomberos de la UEPCEJ y 15 de la Unidad Municipal de Protecci\u00f3n Civil de Tequila, adem\u00e1s del apoyo de la Brigada Interna de Protecci\u00f3n Civil de la empresa tequilera. Se reportaron da\u00f1os en la infraestructura de la Comisi\u00f3n Federal de Electricidad, que ya trabaja para restablecer el servicio, as\u00ed como en casas y edificios aleda\u00f1os.<\/p>\n<p>El Instituto Jalisciense de Ciencias Forenses se present\u00f3 en el lugar para realizar los peritajes correspondientes y determinar la causa de la explosi\u00f3n. Seg\u00fan Rold\u00e1n Guerrero, la detonaci\u00f3n pudo haber sido causada por \u201cuna maniobra con calor, aunque no podemos detectar de qu\u00e9 tipo\u201d.<\/p>\n<p>El pueblo m\u00e1gico de Tequila, a unos 56 kil\u00f3metros de Guadalajara, registra una alta presencia de visitantes nacionales y extranjeros, algunos de los cuales lograron tomar videos de la explosi\u00f3n que cimbr\u00f3 la localidad.<\/p>\n<p>Este mi\u00e9rcoles, la C\u00e1mara Nacional de la Industria Tequilera (CNIT) anunci\u00f3 la cancelaci\u00f3n del evento del D\u00eda del Tequila, programado para hoy, debido a los hechos registrados en la empresa Jos\u00e9 Cuervo.<\/p>\n<p>\u00abNos permitimos hacer de su conocimiento que la rueda de prensa y las dem\u00e1s actividades relacionadas a la Celebraci\u00f3n del D\u00eda del Tequila quedan canceladas. Esto debido a que la C\u00e1mara Nacional de la Industria Tequilera estar\u00e1 atenta a lo que se pueda requerir en relaci\u00f3n a los lamentables hechos reportados esta tarde por la prensa\u00bb, inform\u00f3 el CNIT.<\/p>\n<p>En el marco de la conmemoraci\u00f3n del D\u00eda del Tequila, se ten\u00eda contemplado presentar la botella conmemorativa de esta importante celebraci\u00f3n.<\/p>\n","protected":false},"excerpt":{"rendered":"<p>El siniestro desat\u00f3 un incendio que afect\u00f3 otros tres contenedores, obligando a evacuar a los vecinos. Las autoridades trabajan en restablecer la seguridad y determinar la causa del estallido. Cinco empleados de la empresa Jos\u00e9 Cuervo perdieron la vida y dos m\u00e1s resultaron lesionados, uno de gravedad, tras una explosi\u00f3n ocurrida el martes en un [&hellip;]<\/p>\n","protected":false},"author":1,"featured_media":34540,"comment_status":"open","ping_status":"closed","sticky":false,"template":"","format":"standard","meta":{"footnotes":""},"categories":[2],"tags":[],"class_list":["post-34538","post","type-post","status-publish","format-standard","has-post-thumbnail","hentry","category-nacional"],"_links":{"self":[{"href":"https:\/\/solidaridadnews.com\/index.php?rest_route=\/wp\/v2\/posts\/34538","targetHints":{"allow":["GET"]}}],"collection":[{"href":"https:\/\/solidaridadnews.com\/index.php?rest_route=\/wp\/v2\/posts"}],"about":[{"href":"https:\/\/solidaridadnews.com\/index.php?rest_route=\/wp\/v2\/types\/post"}],"author":[{"embeddable":true,"href":"https:\/\/solidaridadnews.com\/index.php?rest_route=\/wp\/v2\/users\/1"}],"replies":[{"embeddable":true,"href":"https:\/\/solidaridadnews.com\/index.php?rest_route=%2Fwp%2Fv2%2Fcomments&post=34538"}],"version-history":[{"count":1,"href":"https:\/\/solidaridadnews.com\/index.php?rest_route=\/wp\/v2\/posts\/34538\/revisions"}],"predecessor-version":[{"id":34539,"href":"https:\/\/solidaridadnews.com\/index.php?rest_route=\/wp\/v2\/posts\/34538\/revisions\/34539"}],"wp:featuredmedia":[{"embeddable":true,"href":"https:\/\/solidaridadnews.com\/index.php?rest_route=\/wp\/v2\/media\/34540"}],"wp:attachment":[{"href":"https:\/\/solidaridadnews.com\/index.php?rest_route=%2Fwp%2Fv2%2Fmedia&parent=34538"}],"wp:term":[{"taxonomy":"category","embeddable":true,"href":"https:\/\/solidaridadnews.com\/index.php?rest_route=%2Fwp%2Fv2%2Fcategories&post=34538"},{"taxonomy":"post_tag","embeddable":true,"href":"https:\/\/solidaridadnews.com\/index.php?rest_route=%2Fwp%2Fv2%2Ftags&post=34538"}],"curies":[{"name":"wp","href":"https:\/\/api.w.org\/{rel}","templated":true}]}}