{"id":34532,"date":"2024-07-24T12:40:01","date_gmt":"2024-07-24T17:40:01","guid":{"rendered":"https:\/\/solidaridadnews.com\/?p=34532"},"modified":"2024-07-24T17:40:03","modified_gmt":"2024-07-24T17:40:03","slug":"mariana-echeverria-encara-a-mario-bezares-tras-fuerte-comentario","status":"publish","type":"post","link":"https:\/\/solidaridadnews.com\/?p=34532","title":{"rendered":"Mariana Echeverr\u00eda encara a Mario Bezares tras fuerte comentario"},"content":{"rendered":"<h4>Mayito le hizo una fuerte broma a su compa\u00f1era de La Casa de los Famosos M\u00e9xico, la cual se sali\u00f3 de control y provoc\u00f3 que la conductora le pusiera un alto al comediante.<\/h4>\n<p>La interacci\u00f3n entre los habitantes de La Casa de los Famosos M\u00e9xico comenz\u00f3 a tensarse; aunque a simple vista parece que todos se llevan bien, ya hubo algunos roces e, incluso, una broma de Mario Bezares a Mariana Echeverr\u00eda se sali\u00f3 de control.<\/p>\n<p>Mientras los inquilinos esperaban su conexi\u00f3n con Odalys Ram\u00edrez y Diego De Erice en la gala de El 5, el comediante hizo un comentario, que provoc\u00f3 desconcierto y que la conductora le pusiera un alto frente a todos.<\/p>\n<p>Todo sucedi\u00f3 cuando Mariana Echeverr\u00eda comenz\u00f3 a hablar con Karime sobre una posible nominaci\u00f3n como resultado del contra desaf\u00edo que le impuso La Jefa, quien ya le regres\u00f3 sus maletas.<\/p>\n<p>\u201cO sea si te nominan, \u00bfno importa? Lo que sea menos eso\u201d, dijo la esposa de \u00d3scar Jim\u00e9nez.<\/p>\n<p>En ese momento, Mario Bezares comenz\u00f3 a bromear a Mariana Echeverr\u00eda y afirm\u00f3 que \u2018Karime Moussier\u2019, como le dicen a la influencer desde que gan\u00f3 la Prueba de L\u00edder en representaci\u00f3n de Sabine Moussier, no pod\u00eda estar en riesgo.<\/p>\n<p>\u201cMariana, Karime Moussier no puede estar nominada. Karime Moussier no puede, te lo digo, ella salv\u00f3 a Sabine\u201d, dijo en tono serio.<\/p>\n<p>La presentadora no entendi\u00f3 que se trataba de una broma y trat\u00f3 de explicarle al comediante que Karime s\u00ed pod\u00eda estar nominada, por lo que pod\u00eda salir de La Casa de los Famosos M\u00e9xico.<br \/>\n\u201cNo, Karime s\u00ed puede estar nominada. No importa\u201d, dijo Mariana Echeverr\u00eda, quien de inmediato recibi\u00f3 una respuesta de Mario Bezares.<\/p>\n<p>\u201cEs un cotorreo mi vida, es un juego mi amor. Creo que mi broma no sali\u00f3\u201d, coment\u00f3 el presentador en tono sarc\u00e1stico.<\/p>\n<p>Ante las palabras de Bezares, Echeverr\u00eda termin\u00f3 por exhibirlo y frente al resto de los habitantes le puso un alto, afirmando que \u201cno entend\u00eda\u201d.<\/p>\n<p>\u201cNo te estoy entendiendo tu juego, tu coto. \u00bfC\u00f3mo? No entend\u00ed\u201d, se\u00f1al\u00f3 la conductora, haciendo muecas, provocando el silencio inc\u00f3modo del resto de los inquilinos.<\/p>\n","protected":false},"excerpt":{"rendered":"<p>Mayito le hizo una fuerte broma a su compa\u00f1era de La Casa de los Famosos M\u00e9xico, la cual se sali\u00f3 de control y provoc\u00f3 que la conductora le pusiera un alto al comediante. La interacci\u00f3n entre los habitantes de La Casa de los Famosos M\u00e9xico comenz\u00f3 a tensarse; aunque a simple vista parece que todos [&hellip;]<\/p>\n","protected":false},"author":1,"featured_media":34534,"comment_status":"open","ping_status":"closed","sticky":false,"template":"","format":"standard","meta":{"footnotes":""},"categories":[3],"tags":[],"class_list":["post-34532","post","type-post","status-publish","format-standard","has-post-thumbnail","hentry","category-espectaculos"],"_links":{"self":[{"href":"https:\/\/solidaridadnews.com\/index.php?rest_route=\/wp\/v2\/posts\/34532","targetHints":{"allow":["GET"]}}],"collection":[{"href":"https:\/\/solidaridadnews.com\/index.php?rest_route=\/wp\/v2\/posts"}],"about":[{"href":"https:\/\/solidaridadnews.com\/index.php?rest_route=\/wp\/v2\/types\/post"}],"author":[{"embeddable":true,"href":"https:\/\/solidaridadnews.com\/index.php?rest_route=\/wp\/v2\/users\/1"}],"replies":[{"embeddable":true,"href":"https:\/\/solidaridadnews.com\/index.php?rest_route=%2Fwp%2Fv2%2Fcomments&post=34532"}],"version-history":[{"count":1,"href":"https:\/\/solidaridadnews.com\/index.php?rest_route=\/wp\/v2\/posts\/34532\/revisions"}],"predecessor-version":[{"id":34533,"href":"https:\/\/solidaridadnews.com\/index.php?rest_route=\/wp\/v2\/posts\/34532\/revisions\/34533"}],"wp:featuredmedia":[{"embeddable":true,"href":"https:\/\/solidaridadnews.com\/index.php?rest_route=\/wp\/v2\/media\/34534"}],"wp:attachment":[{"href":"https:\/\/solidaridadnews.com\/index.php?rest_route=%2Fwp%2Fv2%2Fmedia&parent=34532"}],"wp:term":[{"taxonomy":"category","embeddable":true,"href":"https:\/\/solidaridadnews.com\/index.php?rest_route=%2Fwp%2Fv2%2Fcategories&post=34532"},{"taxonomy":"post_tag","embeddable":true,"href":"https:\/\/solidaridadnews.com\/index.php?rest_route=%2Fwp%2Fv2%2Ftags&post=34532"}],"curies":[{"name":"wp","href":"https:\/\/api.w.org\/{rel}","templated":true}]}}