{"id":34523,"date":"2024-07-23T11:43:24","date_gmt":"2024-07-23T16:43:24","guid":{"rendered":"https:\/\/solidaridadnews.com\/?p=34523"},"modified":"2024-07-23T16:43:25","modified_gmt":"2024-07-23T16:43:25","slug":"cfe-anuncia-nuevo-apagon-masivo-de-luz-por-la-epoca-de-lluvias","status":"publish","type":"post","link":"https:\/\/solidaridadnews.com\/?p=34523","title":{"rendered":"CFE anuncia nuevo apag\u00f3n masivo de luz por la \u00e9poca de lluvias"},"content":{"rendered":"<h4>Se prev\u00e9 que haya cortes en el suministro el\u00e9ctrico en cualquier hora del d\u00eda, durante el mes de agosto<\/h4>\n<p>&nbsp;<\/p>\n<p>Las intensas precipitaciones que han ca\u00eddo durante las \u00faltimas semanas en pr\u00e1cticamente toda la Rep\u00fablica Mexicana comienzan a traer sus consecuencias, ya que la Comisi\u00f3n Federal de Electricidad (CFE) anunci\u00f3 un nuevo apag\u00f3n masivo por la temporada de lluvias.<\/p>\n<p>Varias partes del pa\u00eds han presentado intermitencia en el suministro de energ\u00eda el\u00e9ctrica consecuencia de las lluvias e incluso de huracanes, como fue el caso de la Pen\u00ednsula de Yucat\u00e1n en donde hace unas semanas toc\u00f3 tierra el Hurac\u00e1n Beryl.<\/p>\n<p>Sin embargo, las lluvias muy fuertes apenas est\u00e1n por llegar, por ello la CFE anunci\u00f3 el muy probable apag\u00f3n masivo que suceda en agosto pr\u00f3ximo, con cortes de luz en cualquier hora del d\u00eda.<\/p>\n<p>\u00bfEn qu\u00e9 estado CFE anunci\u00f3 apag\u00f3n masivo?<br \/>\nEl estado en donde se espera que suceda esto es Sinaloa, por ello el superintendente de la CFE en Culiac\u00e1n, Enrique Vargas, alert\u00f3 a los ciudadanos para que est\u00e9n preparados por un posible apag\u00f3n masivo en agosto, ocasionado por la temporada de lluvias.<\/p>\n<p>Sin embargo, el encargado de la CFE asegur\u00f3 que la instituci\u00f3n est\u00e1 preparada para responder y resolver cualquier falla que se presente en el suministro de energ\u00eda el\u00e9ctrica.<\/p>\n<p>\u201cAqu\u00ed en la zona Culiac\u00e1n s\u00ed tenemos el abasto de diferentes equipos para atender el remplazo de cualquier transformador que se pudiera averiar.<\/p>\n<p>&nbsp;<\/p>\n<p>\u201cEstos apagones tienen que ver con la parte de unos equipos que hace poquito, se averiaron de una subestaci\u00f3n, que se llama Ikera, y que tiene que ver con diferentes l\u00edneas y esas l\u00edneas se suministran en diferentes subestaciones\u201d, coment\u00f3 Enrique Vargas.<\/p>\n","protected":false},"excerpt":{"rendered":"<p>Se prev\u00e9 que haya cortes en el suministro el\u00e9ctrico en cualquier hora del d\u00eda, durante el mes de agosto &nbsp; Las intensas precipitaciones que han ca\u00eddo durante las \u00faltimas semanas en pr\u00e1cticamente toda la Rep\u00fablica Mexicana comienzan a traer sus consecuencias, ya que la Comisi\u00f3n Federal de Electricidad (CFE) anunci\u00f3 un nuevo apag\u00f3n masivo por [&hellip;]<\/p>\n","protected":false},"author":1,"featured_media":34525,"comment_status":"open","ping_status":"closed","sticky":false,"template":"","format":"standard","meta":{"footnotes":""},"categories":[2],"tags":[],"class_list":["post-34523","post","type-post","status-publish","format-standard","has-post-thumbnail","hentry","category-nacional"],"_links":{"self":[{"href":"https:\/\/solidaridadnews.com\/index.php?rest_route=\/wp\/v2\/posts\/34523","targetHints":{"allow":["GET"]}}],"collection":[{"href":"https:\/\/solidaridadnews.com\/index.php?rest_route=\/wp\/v2\/posts"}],"about":[{"href":"https:\/\/solidaridadnews.com\/index.php?rest_route=\/wp\/v2\/types\/post"}],"author":[{"embeddable":true,"href":"https:\/\/solidaridadnews.com\/index.php?rest_route=\/wp\/v2\/users\/1"}],"replies":[{"embeddable":true,"href":"https:\/\/solidaridadnews.com\/index.php?rest_route=%2Fwp%2Fv2%2Fcomments&post=34523"}],"version-history":[{"count":1,"href":"https:\/\/solidaridadnews.com\/index.php?rest_route=\/wp\/v2\/posts\/34523\/revisions"}],"predecessor-version":[{"id":34524,"href":"https:\/\/solidaridadnews.com\/index.php?rest_route=\/wp\/v2\/posts\/34523\/revisions\/34524"}],"wp:featuredmedia":[{"embeddable":true,"href":"https:\/\/solidaridadnews.com\/index.php?rest_route=\/wp\/v2\/media\/34525"}],"wp:attachment":[{"href":"https:\/\/solidaridadnews.com\/index.php?rest_route=%2Fwp%2Fv2%2Fmedia&parent=34523"}],"wp:term":[{"taxonomy":"category","embeddable":true,"href":"https:\/\/solidaridadnews.com\/index.php?rest_route=%2Fwp%2Fv2%2Fcategories&post=34523"},{"taxonomy":"post_tag","embeddable":true,"href":"https:\/\/solidaridadnews.com\/index.php?rest_route=%2Fwp%2Fv2%2Ftags&post=34523"}],"curies":[{"name":"wp","href":"https:\/\/api.w.org\/{rel}","templated":true}]}}