{"id":34495,"date":"2024-07-22T11:51:46","date_gmt":"2024-07-22T16:51:46","guid":{"rendered":"https:\/\/solidaridadnews.com\/?p=34495"},"modified":"2024-07-22T16:51:47","modified_gmt":"2024-07-22T16:51:47","slug":"sebastian-caceres-cerca-de-salir-de-america","status":"publish","type":"post","link":"https:\/\/solidaridadnews.com\/?p=34495","title":{"rendered":"Sebast\u00edan C\u00e1ceres cerca de salir de Am\u00e9rica"},"content":{"rendered":"<p>Apunta a volar del Nido. Parece que la etapa de Sebasti\u00e1n C\u00e1ceres en Am\u00e9rica est\u00e1 por llegar a su fin; el defensor charr\u00faa es deseo de clubes en Europa y el jugador ya hizo saber sus intenciones de continuar su carrera en el Viejo Continente con el Sevilla.<\/p>\n<p>El defensor charr\u00faa ha sido monitoreado por el Sevilla desde que Diego Alonso era su entrenador, fue el primero en poner el nombre de C\u00e1ceres a la directiva espa\u00f1ola, y el primero en hablarle al jugador de esta posibilidad.<\/p>\n<p>Sin embargo, en aquella ocasi\u00f3n las negociaciones no fluyeron y el fichaje se estanc\u00f3; hoy con C\u00e1ceres renovado en el club hasta 2027 las pl\u00e1ticas surgieron nuevamente y en Coapa est\u00e1n dispuestos a vender al jugador tas\u00e1ndolo en 8 mdd aproximadamente.<\/p>\n<p>Adem\u00e1s, del Sevilla tambi\u00e9n en Italia hay inter\u00e9s, espec\u00edficamente en Napoli, equipo que estuvo a nada de llev\u00e1rselo el mercado de fichajes anterior; aunque hoy todo apunta a que el americanista siga su camino profesional en Espa\u00f1a.<\/p>\n<p>A la directiva de las \u00c1guilas le conviene cerrar el fichaje pensando en liberar su plaza de extranjero, misma que ocupar\u00edan en un atacante m\u00e1s, pues la intenci\u00f3n es sumar a otro volante ofensivo que sume a la competencia interna de Brian Rodr\u00edguez, Alejandro Zendejas y Javairo Dilrosun.<\/p>\n<p>Por ahora C\u00e1ceres se encuentra en su pa\u00eds natal gozando uno de unos d\u00edas de vacaciones, pero ser\u00e1 el pr\u00f3ximo jueves 25 de julio cuando reporte y defina su futuro inmediato que hoy luce ya muy lejos de Am\u00e9rica.<\/p>\n","protected":false},"excerpt":{"rendered":"<p>Apunta a volar del Nido. Parece que la etapa de Sebasti\u00e1n C\u00e1ceres en Am\u00e9rica est\u00e1 por llegar a su fin; el defensor charr\u00faa es deseo de clubes en Europa y el jugador ya hizo saber sus intenciones de continuar su carrera en el Viejo Continente con el Sevilla. El defensor charr\u00faa ha sido monitoreado por [&hellip;]<\/p>\n","protected":false},"author":1,"featured_media":34497,"comment_status":"open","ping_status":"closed","sticky":false,"template":"","format":"standard","meta":{"footnotes":""},"categories":[6],"tags":[],"class_list":["post-34495","post","type-post","status-publish","format-standard","has-post-thumbnail","hentry","category-deportes"],"_links":{"self":[{"href":"https:\/\/solidaridadnews.com\/index.php?rest_route=\/wp\/v2\/posts\/34495","targetHints":{"allow":["GET"]}}],"collection":[{"href":"https:\/\/solidaridadnews.com\/index.php?rest_route=\/wp\/v2\/posts"}],"about":[{"href":"https:\/\/solidaridadnews.com\/index.php?rest_route=\/wp\/v2\/types\/post"}],"author":[{"embeddable":true,"href":"https:\/\/solidaridadnews.com\/index.php?rest_route=\/wp\/v2\/users\/1"}],"replies":[{"embeddable":true,"href":"https:\/\/solidaridadnews.com\/index.php?rest_route=%2Fwp%2Fv2%2Fcomments&post=34495"}],"version-history":[{"count":1,"href":"https:\/\/solidaridadnews.com\/index.php?rest_route=\/wp\/v2\/posts\/34495\/revisions"}],"predecessor-version":[{"id":34496,"href":"https:\/\/solidaridadnews.com\/index.php?rest_route=\/wp\/v2\/posts\/34495\/revisions\/34496"}],"wp:featuredmedia":[{"embeddable":true,"href":"https:\/\/solidaridadnews.com\/index.php?rest_route=\/wp\/v2\/media\/34497"}],"wp:attachment":[{"href":"https:\/\/solidaridadnews.com\/index.php?rest_route=%2Fwp%2Fv2%2Fmedia&parent=34495"}],"wp:term":[{"taxonomy":"category","embeddable":true,"href":"https:\/\/solidaridadnews.com\/index.php?rest_route=%2Fwp%2Fv2%2Fcategories&post=34495"},{"taxonomy":"post_tag","embeddable":true,"href":"https:\/\/solidaridadnews.com\/index.php?rest_route=%2Fwp%2Fv2%2Ftags&post=34495"}],"curies":[{"name":"wp","href":"https:\/\/api.w.org\/{rel}","templated":true}]}}