{"id":34489,"date":"2024-07-22T11:06:45","date_gmt":"2024-07-22T16:06:45","guid":{"rendered":"https:\/\/solidaridadnews.com\/?p=34489"},"modified":"2024-07-22T16:06:46","modified_gmt":"2024-07-22T16:06:46","slug":"pepe-couttolenc-celebra-el-dia-mundial-del-perro-promoviendo-el-bienestar-animal","status":"publish","type":"post","link":"https:\/\/solidaridadnews.com\/?p=34489","title":{"rendered":"Pepe Couttolenc celebra el D\u00eda Mundial del Perro promoviendo el bienestar animal"},"content":{"rendered":"<h4>\u00a0El l\u00edder del PVEM busca sensibilizar sobre la problem\u00e1tica de los perros abandonados y fomentar la adopci\u00f3n responsable<\/h4>\n<p>Pepe Couttolenc, dirigente estatal del Partido Verde Ecologista de M\u00e9xico (PVEM) en el Estado de M\u00e9xico, se une a la celebraci\u00f3n del D\u00eda Mundial del Perro con un llamado a demostrar cari\u00f1o y conciencia hacia nuestros fieles amigos caninos. En esta jornada especial, se busca sensibilizar sobre la problem\u00e1tica de los perros abandonados y fomentar la adopci\u00f3n responsable.<\/p>\n<p>\u00ab\u00a1Celebramos el D\u00eda Mundial Del Perro! Adem\u00e1s de demostrar cari\u00f1o a tu mejor amigo, se busca crear conciencia sobre la cantidad de caninos abandonados o que todav\u00eda esperan por una familia que los adopte. Vamos a seguir trabajando por el bienestar de cada uno de nuestros seres sintientes\u00bb, expres\u00f3 Couttolenc en un mensaje dedicado a la comunidad.<\/p>\n<p>La celebraci\u00f3n de esta fecha no solo destaca la importancia de los perros como compa\u00f1eros leales y amorosos, sino tambi\u00e9n subraya la responsabilidad compartida de garantizar su cuidado y protecci\u00f3n. En palabras del dirigente del PVEM, \u00abNuestros peluditos, quiz\u00e1 no son nuestra vida entera pero hacen nuestra vida m\u00e1s completa. Gracias por todo.\u00bb<\/p>\n<p>En el marco de esta celebraci\u00f3n, diversas organizaciones y activistas por los derechos de los animales realizan actividades educativas, campa\u00f1as de adopci\u00f3n y eventos para recaudar fondos destinados a refugios y protectoras de animales. El objetivo es sensibilizar a la sociedad sobre la importancia de tratar a los perros con respeto y proporcionarles un hogar seguro y amoroso.<\/p>\n<p>Pepe Couttolenc reafirma el compromiso del PVEM en el Estado de M\u00e9xico por promover pol\u00edticas y acciones que mejoren la calidad de vida de todos los seres vivos, incluidos los animales. Esta iniciativa busca no solo celebrar la presencia de los perros en nuestras vidas, sino tambi\u00e9n impulsar cambios positivos en favor del bienestar animal en la comunidad.<\/p>\n","protected":false},"excerpt":{"rendered":"<p>\u00a0El l\u00edder del PVEM busca sensibilizar sobre la problem\u00e1tica de los perros abandonados y fomentar la adopci\u00f3n responsable Pepe Couttolenc, dirigente estatal del Partido Verde Ecologista de M\u00e9xico (PVEM) en el Estado de M\u00e9xico, se une a la celebraci\u00f3n del D\u00eda Mundial del Perro con un llamado a demostrar cari\u00f1o y conciencia hacia nuestros fieles [&hellip;]<\/p>\n","protected":false},"author":1,"featured_media":34491,"comment_status":"open","ping_status":"closed","sticky":false,"template":"","format":"standard","meta":{"footnotes":""},"categories":[24],"tags":[],"class_list":["post-34489","post","type-post","status-publish","format-standard","has-post-thumbnail","hentry","category-edomex"],"_links":{"self":[{"href":"https:\/\/solidaridadnews.com\/index.php?rest_route=\/wp\/v2\/posts\/34489","targetHints":{"allow":["GET"]}}],"collection":[{"href":"https:\/\/solidaridadnews.com\/index.php?rest_route=\/wp\/v2\/posts"}],"about":[{"href":"https:\/\/solidaridadnews.com\/index.php?rest_route=\/wp\/v2\/types\/post"}],"author":[{"embeddable":true,"href":"https:\/\/solidaridadnews.com\/index.php?rest_route=\/wp\/v2\/users\/1"}],"replies":[{"embeddable":true,"href":"https:\/\/solidaridadnews.com\/index.php?rest_route=%2Fwp%2Fv2%2Fcomments&post=34489"}],"version-history":[{"count":1,"href":"https:\/\/solidaridadnews.com\/index.php?rest_route=\/wp\/v2\/posts\/34489\/revisions"}],"predecessor-version":[{"id":34490,"href":"https:\/\/solidaridadnews.com\/index.php?rest_route=\/wp\/v2\/posts\/34489\/revisions\/34490"}],"wp:featuredmedia":[{"embeddable":true,"href":"https:\/\/solidaridadnews.com\/index.php?rest_route=\/wp\/v2\/media\/34491"}],"wp:attachment":[{"href":"https:\/\/solidaridadnews.com\/index.php?rest_route=%2Fwp%2Fv2%2Fmedia&parent=34489"}],"wp:term":[{"taxonomy":"category","embeddable":true,"href":"https:\/\/solidaridadnews.com\/index.php?rest_route=%2Fwp%2Fv2%2Fcategories&post=34489"},{"taxonomy":"post_tag","embeddable":true,"href":"https:\/\/solidaridadnews.com\/index.php?rest_route=%2Fwp%2Fv2%2Ftags&post=34489"}],"curies":[{"name":"wp","href":"https:\/\/api.w.org\/{rel}","templated":true}]}}