{"id":34461,"date":"2024-07-20T22:46:24","date_gmt":"2024-07-21T03:46:24","guid":{"rendered":"https:\/\/solidaridadnews.com\/?p=34461"},"modified":"2024-07-21T03:46:25","modified_gmt":"2024-07-21T03:46:25","slug":"rafa-nadal-vuelve-a-una-final-y-jugara-por-el-titulo-del-torneo-de-bastad","status":"publish","type":"post","link":"https:\/\/solidaridadnews.com\/?p=34461","title":{"rendered":"Rafa Nadal vuelve a una final y jugar\u00e1 por el t\u00edtulo del Torneo de Bastad"},"content":{"rendered":"<h4>El espa\u00f1ol volver\u00e1 a jugar\u00e1 su primera final desde la de Roland Garros 2022, previo a su participaci\u00f3n en los pr\u00f3ximos Juegos Ol\u00edmpicos de Par\u00eds 2024.<\/h4>\n<p>El espa\u00f1ol Rafa Nadal se sobrepuso al cansancio acumulado y a la buena puesta en acci\u00f3n del croata Duje Ajdukovic para plantarse en la lucha por el t\u00edtulo del torneo de Bastad (Suecia), su primera final desde la de Roland Garros 2022, ante el portugu\u00e9s Nuno Borges, verdugo del argentino Thiago Agust\u00edn Tirante.<\/p>\n<p>El tenista de Manacor, en plena puesta a punto para su participaci\u00f3n en los Juegos Ol\u00edmpicos de Par\u00eds, demostr\u00f3 que pese a todo conserva muchas de esas cualidades que le han mantenido tantos a\u00f1os en la cima y que puede volver a ser competitivo con una lucha, cabeza y fe incomparables.<\/p>\n<p>En cuartos de final ante el argentino Mariano Navone tuvo que luchar durante cuatro horas para remontar tambi\u00e9n el partido. El croata, de 23 a\u00f1os y 130 del mundo, le exigi\u00f3 al m\u00e1ximo, pero al final claudic\u00f3 ante Nadal por 4-6, 6-3 y 6-4 tras 2h13.<\/p>\n<p>Nadal\u00a0sufri\u00f3 sobremanera en el inicio de partido. Los ca\u00f1onazos del croata, que persegu\u00eda ser el primer jugador procedente de la previa en instalarse en la final de este torneo y que no acusaba la presi\u00f3n de disputar su primera semifinal en el circuito ATP, le superaban una y otra vez. 0-3 en un visto y no visto tras perder dos veces el servicio de entrada. Aunque el espa\u00f1ol esboz\u00f3 una reacci\u00f3n con un &#8216;break&#8217;, fue insuficiente y el 4-6 se elev\u00f3 al marcador del torneo sueco.<\/p>\n<p>Incluso volvi\u00f3 a ceder su saque en el primer juego de la segunda manga. Pero Nadal nunca se rinde. Campe\u00f3n en Bastad en 2005, el mallorqu\u00edn reaccion\u00f3 r\u00e1pidamente, equilibr\u00f3 el partido y con una rotura en el sexto juego sell\u00f3 el empate en el partido al hacerse con la manga por 6-3.<\/p>\n<p>Con Ajdukovic &#8216;bloqueado&#8217; Nadal vol\u00f3 hasta el 3-0 en el tercer y definitivo set. El partido parec\u00eda definitivamente encaminado. No fue as\u00ed, porque el balc\u00e1nico recuper\u00f3 sus ca\u00f1onazos, principalmente con su rev\u00e9s, y le devolvi\u00f3 las dos rupturas para situar el 3-3.<\/p>\n<p>De nuevo tuvo que recomponerse Nadal. Ech\u00f3 mano de su experiencia, de su capacidad de lucha, de su mentalidad y de su juego, para volver a hacerse con el servicio de Ajdukovic, situarse con 4-3 y acabar ganando el partido en un final tremendo (6-4).<\/p>\n<p>\u00abHa sido un partido muy duro\u00bb, admiti\u00f3 al acabar el encuentro el tenista espa\u00f1ol, que valor\u00f3 el poderoso rev\u00e9s del croata y que se sinti\u00f3 muy feliz por volver a una final m\u00e1s de dos a\u00f1os despu\u00e9s tras sobrevivir a otro choque m\u00e1s que complicado, as\u00ed como, en su proceso de recuperaci\u00f3n, haber sacado a delante partidos como los dos \u00faltimos.<\/p>\n<p>El rival de Nadal por el t\u00edtulo en Bastad es el portugu\u00e9s Nuno Borges, s\u00e9ptimo cabeza de serie y que en la segunda semifinal se deshizo en dos sets, por 6-3 y 6-4, del argentino Thiago Agust\u00edn Tirante.<\/p>\n","protected":false},"excerpt":{"rendered":"<p>El espa\u00f1ol volver\u00e1 a jugar\u00e1 su primera final desde la de Roland Garros 2022, previo a su participaci\u00f3n en los pr\u00f3ximos Juegos Ol\u00edmpicos de Par\u00eds 2024. El espa\u00f1ol Rafa Nadal se sobrepuso al cansancio acumulado y a la buena puesta en acci\u00f3n del croata Duje Ajdukovic para plantarse en la lucha por el t\u00edtulo del [&hellip;]<\/p>\n","protected":false},"author":1,"featured_media":34463,"comment_status":"open","ping_status":"closed","sticky":false,"template":"","format":"standard","meta":{"footnotes":""},"categories":[6],"tags":[],"class_list":["post-34461","post","type-post","status-publish","format-standard","has-post-thumbnail","hentry","category-deportes"],"_links":{"self":[{"href":"https:\/\/solidaridadnews.com\/index.php?rest_route=\/wp\/v2\/posts\/34461","targetHints":{"allow":["GET"]}}],"collection":[{"href":"https:\/\/solidaridadnews.com\/index.php?rest_route=\/wp\/v2\/posts"}],"about":[{"href":"https:\/\/solidaridadnews.com\/index.php?rest_route=\/wp\/v2\/types\/post"}],"author":[{"embeddable":true,"href":"https:\/\/solidaridadnews.com\/index.php?rest_route=\/wp\/v2\/users\/1"}],"replies":[{"embeddable":true,"href":"https:\/\/solidaridadnews.com\/index.php?rest_route=%2Fwp%2Fv2%2Fcomments&post=34461"}],"version-history":[{"count":1,"href":"https:\/\/solidaridadnews.com\/index.php?rest_route=\/wp\/v2\/posts\/34461\/revisions"}],"predecessor-version":[{"id":34462,"href":"https:\/\/solidaridadnews.com\/index.php?rest_route=\/wp\/v2\/posts\/34461\/revisions\/34462"}],"wp:featuredmedia":[{"embeddable":true,"href":"https:\/\/solidaridadnews.com\/index.php?rest_route=\/wp\/v2\/media\/34463"}],"wp:attachment":[{"href":"https:\/\/solidaridadnews.com\/index.php?rest_route=%2Fwp%2Fv2%2Fmedia&parent=34461"}],"wp:term":[{"taxonomy":"category","embeddable":true,"href":"https:\/\/solidaridadnews.com\/index.php?rest_route=%2Fwp%2Fv2%2Fcategories&post=34461"},{"taxonomy":"post_tag","embeddable":true,"href":"https:\/\/solidaridadnews.com\/index.php?rest_route=%2Fwp%2Fv2%2Ftags&post=34461"}],"curies":[{"name":"wp","href":"https:\/\/api.w.org\/{rel}","templated":true}]}}