{"id":34458,"date":"2024-07-20T22:43:53","date_gmt":"2024-07-21T03:43:53","guid":{"rendered":"https:\/\/solidaridadnews.com\/?p=34458"},"modified":"2024-07-21T03:43:54","modified_gmt":"2024-07-21T03:43:54","slug":"cyndi-lauper-opina-sobre-donald-trump-no-es-un-buen-jefe","status":"publish","type":"post","link":"https:\/\/solidaridadnews.com\/?p=34458","title":{"rendered":"Cyndi Lauper opina sobre Donald Trump: \u201cNo es un buen jefe\u201d"},"content":{"rendered":"<h4>Lauper revela cu\u00e1l es su opini\u00f3n con respecto al liderazgo de Trump y comenta que est\u00e1 en desacuerdo con \u00e9l.<\/h4>\n<p>Durante un programa la cantautora coment\u00f3 con la conductora del programa, Christiane Amanpour, algunos detalles de su trabajo y participaci\u00f3n en el programa conocido como Celebrity Apprentice, mismo donde tuvo la oportunidad de trabajar un tiempo con el futuro candidato a la presidencia de los Estados Unidos.<\/p>\n<p>El programa es un concurso estadounidense al estilo reality show de la famosa cadena de televisi\u00f3n NBC. En \u00e9ste mismo participan empresarios que compiten por la oportunidad de ganar 250.000 d\u00f3lares y un contrato para dirigir una de las empresas que pertenecen al multimillonario, Donald Trump.<\/p>\n<p>Como se mencion\u00f3 anteriormente, la famosa artista se sincer\u00f3 durante el programa de CNN, mismo donde revel\u00f3 que se uni\u00f3 al concurso para iniciar una campa\u00f1a llamada \u2018Give a Damn\u2019, misma que funcionar\u00eda para recaudar dinero y destacar a los j\u00f3venes de la comunidad LGBTQ+.<\/p>\n<p>Sobre su participaci\u00f3n en el concurso, Cyndi coment\u00f3 que su principal objetivo era aprender nuevas habilidades para dirigir y liderar sus proyectos, cosa que termin\u00f3 siendo una p\u00e9rdida de tiempo luego de que unos a\u00f1os despu\u00e9s, el ex-presidente Trump, se opuso p\u00fablicamente a la comunidad gay.<\/p>\n<p>\u00c9ste acto, dijo la actriz, no tuvo ning\u00fan sentido para ella, pues declar\u00f3 que dentro del equipo de producci\u00f3n del programa exist\u00edan una gran cantidad de empleados pertenecientes a dicha comunidad, suceso que la llev\u00f3 a pensar y afirmar que Donald Trump no era un buen jefe, pues estuvo en contra de sus trabajadores y sus ideales.<\/p>\n<p>Por otra parte, \u00e9sta no ser\u00eda la primera vez en que Lauper opinara del descontento y frustraci\u00f3n que tiene hacia Trump, pues lleg\u00f3 a compararlo con Adolf Hitler en el a\u00f1o de 2016 por el mismo motivo.<\/p>\n<p>La cantante se despidi\u00f3 del programa luego de nueve semanas de haber estado participando activamente durante la d\u00e9cima y \u00faltima temporada del concurso.<\/p>\n","protected":false},"excerpt":{"rendered":"<p>Lauper revela cu\u00e1l es su opini\u00f3n con respecto al liderazgo de Trump y comenta que est\u00e1 en desacuerdo con \u00e9l. Durante un programa la cantautora coment\u00f3 con la conductora del programa, Christiane Amanpour, algunos detalles de su trabajo y participaci\u00f3n en el programa conocido como Celebrity Apprentice, mismo donde tuvo la oportunidad de trabajar un [&hellip;]<\/p>\n","protected":false},"author":1,"featured_media":34460,"comment_status":"open","ping_status":"closed","sticky":false,"template":"","format":"standard","meta":{"footnotes":""},"categories":[3],"tags":[],"class_list":["post-34458","post","type-post","status-publish","format-standard","has-post-thumbnail","hentry","category-espectaculos"],"_links":{"self":[{"href":"https:\/\/solidaridadnews.com\/index.php?rest_route=\/wp\/v2\/posts\/34458","targetHints":{"allow":["GET"]}}],"collection":[{"href":"https:\/\/solidaridadnews.com\/index.php?rest_route=\/wp\/v2\/posts"}],"about":[{"href":"https:\/\/solidaridadnews.com\/index.php?rest_route=\/wp\/v2\/types\/post"}],"author":[{"embeddable":true,"href":"https:\/\/solidaridadnews.com\/index.php?rest_route=\/wp\/v2\/users\/1"}],"replies":[{"embeddable":true,"href":"https:\/\/solidaridadnews.com\/index.php?rest_route=%2Fwp%2Fv2%2Fcomments&post=34458"}],"version-history":[{"count":1,"href":"https:\/\/solidaridadnews.com\/index.php?rest_route=\/wp\/v2\/posts\/34458\/revisions"}],"predecessor-version":[{"id":34459,"href":"https:\/\/solidaridadnews.com\/index.php?rest_route=\/wp\/v2\/posts\/34458\/revisions\/34459"}],"wp:featuredmedia":[{"embeddable":true,"href":"https:\/\/solidaridadnews.com\/index.php?rest_route=\/wp\/v2\/media\/34460"}],"wp:attachment":[{"href":"https:\/\/solidaridadnews.com\/index.php?rest_route=%2Fwp%2Fv2%2Fmedia&parent=34458"}],"wp:term":[{"taxonomy":"category","embeddable":true,"href":"https:\/\/solidaridadnews.com\/index.php?rest_route=%2Fwp%2Fv2%2Fcategories&post=34458"},{"taxonomy":"post_tag","embeddable":true,"href":"https:\/\/solidaridadnews.com\/index.php?rest_route=%2Fwp%2Fv2%2Ftags&post=34458"}],"curies":[{"name":"wp","href":"https:\/\/api.w.org\/{rel}","templated":true}]}}