{"id":34455,"date":"2024-07-20T22:41:59","date_gmt":"2024-07-21T03:41:59","guid":{"rendered":"https:\/\/solidaridadnews.com\/?p=34455"},"modified":"2024-07-21T03:42:00","modified_gmt":"2024-07-21T03:42:00","slug":"revelan-fecha-en-que-rafa-marquez-dejara-al-barcelona-para-firmar-con-el-tri","status":"publish","type":"post","link":"https:\/\/solidaridadnews.com\/?p=34455","title":{"rendered":"Revelan fecha en que Rafa M\u00e1rquez dejar\u00e1 al Barcelona para firmar con el Tri"},"content":{"rendered":"<h4>Se espera que el K\u00e1iser sea presentado en la Selecci\u00f3n Mexicana con Javier Aguirre en agosto.<\/h4>\n<p>Rafa M\u00e1rquez ya tiene fecha para dejar el Barcelona tras aceptar la propuesta de la Federaci\u00f3n Mexicana de Futbol (FMF) para ser auxiliar de Javier Aguirre en la Selecci\u00f3n Mexicana rumbo al Mundial 2026.<\/p>\n<p>Luego de que Gibr\u00e1n Araige, reportero de TUDN, revelara que Rafa M\u00e1rquez se incorporar\u00e1 al nuevo proyecto del Tri, Fabrizio Romano a\u00f1adi\u00f3 que la pr\u00f3xima semana el mexicano dejar\u00e1 de ser t\u00e9cnico del Barcelona B, con quien hab\u00eda renovado el pasado 25 de junio hasta el 2025.<\/p>\n<p>El K\u00e1iser ser\u00e1 presentado junto a Javier Aguirre en la primera semana del mes de agosto para iniciar el camino a la pr\u00f3xima Copa del Mundo que se llevar\u00e1 a cabo en M\u00e9xico, Estados Unidos y Canad\u00e1.<\/p>\n<p>Sin embargo, Araige se\u00f1ala que el plan de la FMF con Rafa M\u00e1rquez es que se mantenga en Europa para servir de enlace con los jugadores mexicanos que juegan all\u00e1 y viaje a M\u00e9xico cuando sean las concentraciones del Tri.<\/p>\n","protected":false},"excerpt":{"rendered":"<p>Se espera que el K\u00e1iser sea presentado en la Selecci\u00f3n Mexicana con Javier Aguirre en agosto. Rafa M\u00e1rquez ya tiene fecha para dejar el Barcelona tras aceptar la propuesta de la Federaci\u00f3n Mexicana de Futbol (FMF) para ser auxiliar de Javier Aguirre en la Selecci\u00f3n Mexicana rumbo al Mundial 2026. Luego de que Gibr\u00e1n Araige, [&hellip;]<\/p>\n","protected":false},"author":1,"featured_media":34457,"comment_status":"open","ping_status":"closed","sticky":false,"template":"","format":"standard","meta":{"footnotes":""},"categories":[6],"tags":[],"class_list":["post-34455","post","type-post","status-publish","format-standard","has-post-thumbnail","hentry","category-deportes"],"_links":{"self":[{"href":"https:\/\/solidaridadnews.com\/index.php?rest_route=\/wp\/v2\/posts\/34455","targetHints":{"allow":["GET"]}}],"collection":[{"href":"https:\/\/solidaridadnews.com\/index.php?rest_route=\/wp\/v2\/posts"}],"about":[{"href":"https:\/\/solidaridadnews.com\/index.php?rest_route=\/wp\/v2\/types\/post"}],"author":[{"embeddable":true,"href":"https:\/\/solidaridadnews.com\/index.php?rest_route=\/wp\/v2\/users\/1"}],"replies":[{"embeddable":true,"href":"https:\/\/solidaridadnews.com\/index.php?rest_route=%2Fwp%2Fv2%2Fcomments&post=34455"}],"version-history":[{"count":1,"href":"https:\/\/solidaridadnews.com\/index.php?rest_route=\/wp\/v2\/posts\/34455\/revisions"}],"predecessor-version":[{"id":34456,"href":"https:\/\/solidaridadnews.com\/index.php?rest_route=\/wp\/v2\/posts\/34455\/revisions\/34456"}],"wp:featuredmedia":[{"embeddable":true,"href":"https:\/\/solidaridadnews.com\/index.php?rest_route=\/wp\/v2\/media\/34457"}],"wp:attachment":[{"href":"https:\/\/solidaridadnews.com\/index.php?rest_route=%2Fwp%2Fv2%2Fmedia&parent=34455"}],"wp:term":[{"taxonomy":"category","embeddable":true,"href":"https:\/\/solidaridadnews.com\/index.php?rest_route=%2Fwp%2Fv2%2Fcategories&post=34455"},{"taxonomy":"post_tag","embeddable":true,"href":"https:\/\/solidaridadnews.com\/index.php?rest_route=%2Fwp%2Fv2%2Ftags&post=34455"}],"curies":[{"name":"wp","href":"https:\/\/api.w.org\/{rel}","templated":true}]}}