{"id":34427,"date":"2024-07-19T13:11:04","date_gmt":"2024-07-19T18:11:04","guid":{"rendered":"https:\/\/solidaridadnews.com\/?p=34427"},"modified":"2024-07-19T18:11:05","modified_gmt":"2024-07-19T18:11:05","slug":"dos-anos-de-inhabilitacion-para-sitravem-por-muerte-de-aitana-en-elevador-del-imss-playa-del-carmen","status":"publish","type":"post","link":"https:\/\/solidaridadnews.com\/?p=34427","title":{"rendered":"Dos a\u00f1os de inhabilitaci\u00f3n para SITRAVEM por muerte de Aitana en elevador del IMSS Playa del Carmen"},"content":{"rendered":"<p>La empresa Soluciones Integrales de Transportaci\u00f3n Vertical en M\u00e9xico (SITRAVEM), responsable de dar mantenimiento a los elevadores del Instituto Mexicano del Seguro Social (IMSS), fue inhabilitada para obtener cualquier tipo de contrato con dependencias de gobierno por dos a\u00f1os, derivado de un procedimiento administrativo a cargo de la Secretar\u00eda de la Funci\u00f3n P\u00fablica por el caso de la ni\u00f1a Aitana quien falleci\u00f3 luego quedar prensada en un elevador del Hospital General de Zona No. 18 del IMSS en Playa del Carmen.<\/p>\n<p>Aitana, ni\u00f1a de seis a\u00f1os que ingres\u00f3 al Hospital del IMSS para ser atendida por un caso de dengue, muri\u00f3 al estar inmovilizada en una camilla que fue introducida al elevador en julio del 2023, en un caso que le dio la vuelta al mundo por lo impresionante de las im\u00e1genes que mostraban la camilla en alto, atrapada en la puerta del elevador y personas intentando socorrerle.<\/p>\n<p>Posterior a este incidente, las autoridades iniciaron las investigaciones correspondientes y una de ellas es la relacionada con la empresa SITRAVEM la cual gener\u00f3 la resoluci\u00f3n n\u00famero 00641\/30.15\/4186\/2024 relacionada con el expediente n\u00famero PISl-A-NC-DS-0008\/2024 en el que se determina la inhabilitaci\u00f3n.<\/p>\n<p>En el Diario Oficial de la Federaci\u00f3n con fecha del 17 de julio se puede leer lo siguiente: \u201cDeber\u00e1n abstenerse de recibir propuestas o celebrar contrato alguno sobre las materias de adquisiciones, arrendamientos, servicios, obras p\u00fablicas y servicios relacionados con las mismas, con dicha persona moral, de manera directa o por interp\u00f3sita persona, por el plazo de dos a\u00f1os, un mes y 24 d\u00edas\u201d, indica el oficio firmado por el titular del \u00c1rea de Responsabilidades del \u00d3rgano Interno de Control Espec\u00edfico en el IMSS, Gustavo Aguirre Lona y esta indicaci\u00f3n ser\u00e1 efectiva a partir de hoy 18 de julio del 2024.<\/p>\n<p>Una multa tambi\u00e9n fue aplicada para esta empresa que se encargaba de dar mantenimiento a los elevadores del Seguro Social a nivel nacional pero no se dio a conocer el monto de la misma.<\/p>\n<p>De acuerdo con las declaraciones del director del IMSS, Zo\u00e9 Robledo, posterior al accidente, el seguro social hab\u00eda reportado fallas en ese elevador unas horas antes del incidente que cost\u00f3 la vida de la menor.<\/p>\n","protected":false},"excerpt":{"rendered":"<p>La empresa Soluciones Integrales de Transportaci\u00f3n Vertical en M\u00e9xico (SITRAVEM), responsable de dar mantenimiento a los elevadores del Instituto Mexicano del Seguro Social (IMSS), fue inhabilitada para obtener cualquier tipo de contrato con dependencias de gobierno por dos a\u00f1os, derivado de un procedimiento administrativo a cargo de la Secretar\u00eda de la Funci\u00f3n P\u00fablica por el [&hellip;]<\/p>\n","protected":false},"author":1,"featured_media":34429,"comment_status":"open","ping_status":"closed","sticky":false,"template":"","format":"standard","meta":{"footnotes":""},"categories":[4],"tags":[],"class_list":["post-34427","post","type-post","status-publish","format-standard","has-post-thumbnail","hentry","category-local"],"_links":{"self":[{"href":"https:\/\/solidaridadnews.com\/index.php?rest_route=\/wp\/v2\/posts\/34427","targetHints":{"allow":["GET"]}}],"collection":[{"href":"https:\/\/solidaridadnews.com\/index.php?rest_route=\/wp\/v2\/posts"}],"about":[{"href":"https:\/\/solidaridadnews.com\/index.php?rest_route=\/wp\/v2\/types\/post"}],"author":[{"embeddable":true,"href":"https:\/\/solidaridadnews.com\/index.php?rest_route=\/wp\/v2\/users\/1"}],"replies":[{"embeddable":true,"href":"https:\/\/solidaridadnews.com\/index.php?rest_route=%2Fwp%2Fv2%2Fcomments&post=34427"}],"version-history":[{"count":1,"href":"https:\/\/solidaridadnews.com\/index.php?rest_route=\/wp\/v2\/posts\/34427\/revisions"}],"predecessor-version":[{"id":34428,"href":"https:\/\/solidaridadnews.com\/index.php?rest_route=\/wp\/v2\/posts\/34427\/revisions\/34428"}],"wp:featuredmedia":[{"embeddable":true,"href":"https:\/\/solidaridadnews.com\/index.php?rest_route=\/wp\/v2\/media\/34429"}],"wp:attachment":[{"href":"https:\/\/solidaridadnews.com\/index.php?rest_route=%2Fwp%2Fv2%2Fmedia&parent=34427"}],"wp:term":[{"taxonomy":"category","embeddable":true,"href":"https:\/\/solidaridadnews.com\/index.php?rest_route=%2Fwp%2Fv2%2Fcategories&post=34427"},{"taxonomy":"post_tag","embeddable":true,"href":"https:\/\/solidaridadnews.com\/index.php?rest_route=%2Fwp%2Fv2%2Ftags&post=34427"}],"curies":[{"name":"wp","href":"https:\/\/api.w.org\/{rel}","templated":true}]}}