{"id":34403,"date":"2024-07-18T13:07:14","date_gmt":"2024-07-18T18:07:14","guid":{"rendered":"https:\/\/solidaridadnews.com\/?p=34403"},"modified":"2024-07-18T18:07:15","modified_gmt":"2024-07-18T18:07:15","slug":"amlo-desea-pronta-recuperacion-a-biden-tras-su-contagio-por-covid-19","status":"publish","type":"post","link":"https:\/\/solidaridadnews.com\/?p=34403","title":{"rendered":"AMLO desea pronta recuperaci\u00f3n a Biden tras su contagio por COVID-19"},"content":{"rendered":"<h4>\u201cLe deseo lo mejor, que se recupere muy pronto\u201d, fueron los deseos del presidente L\u00f3pez Obrador a su hom\u00f3logo de EE.UU., Joe Biden<\/h4>\n<p>El presidente de M\u00e9xico, Andr\u00e9s Manuel L\u00f3pez Obrador, dese\u00f3 a su hom\u00f3logo estadounidense Joe Biden que se recupere pronto de su contagio por COVID-19.<\/p>\n<p>\u201cLe deseo que le vaya muy bien, me informaron que tiene covid\u201d, apunt\u00f3 en la conferencia matutina de Palacio Nacional<\/p>\n<p>\u201cLe deseo lo mejor, que se recupere muy pronto\u201d, detall\u00f3 el mandatario mexicano\u201d, expuso.<\/p>\n<p>El presidente de Estados Unidos, Joe Biden, dio en la previa positivo a COVID-19 mientras hac\u00eda campa\u00f1a en el estado clave de Nevada.<\/p>\n<p>La Casa Blanca indic\u00f3 en un comunicado que el mandatario estadounidense experimentaba \u201cs\u00edntomas leves\u201d, aunque no tiene fiebre.<\/p>\n<p>La noticia se produce en un momento en que se ha intensificado la presi\u00f3n para que Biden abandone su campa\u00f1a para las elecciones de noviembre, con el influyente legislador dem\u00f3crata Adam Schiff inst\u00e1ndole hoy p\u00fablicamente mediante un comunicado a que \u201cpase el testigo\u201d.<\/p>\n<p>El contagio, adem\u00e1s, se produjo en un momento particularmente inoportuno. Biden hac\u00eda por segundo d\u00eda campa\u00f1a en Nevada y dio positivo justo antes del discurso que planeaba dar ante la convenci\u00f3n anual de UnidosUS, una importante organizaci\u00f3n latina.<\/p>\n<p>El m\u00e9dico del mandatario, Kevin O\u2019Connor, ofreci\u00f3 m\u00e1s detalles en una nota distribuida por la Casa Blanca y en la que explicaba que Biden, de 81 a\u00f1os, en la tarde del mi\u00e9rcoles present\u00f3 \u201cs\u00edntomas respiratorios superiores, que incluyen rinorrea (secreci\u00f3n nasal) y tos seca, con malestar general\u201d.<\/p>\n<p>Como no se sent\u00eda bien, se le administr\u00f3 un test de covid-19 que dio positivo y, a continuaci\u00f3n, el presidente tom\u00f3 una primera dosis del medicamento antiviral Paxlovid, detall\u00f3 el m\u00e9dico.<\/p>\n<p>Seg\u00fan el doctor, la frecuencia respiratoria de Biden es normal y no tiene fiebre con un temperatura de 36,5 grados cent\u00edgrados.<\/p>\n<p>Biden dio positivo por COVID-19 dos veces en el verano de 2022, primero se contagi\u00f3 y luego tuvo un rebrote del virus.<\/p>\n","protected":false},"excerpt":{"rendered":"<p>\u201cLe deseo lo mejor, que se recupere muy pronto\u201d, fueron los deseos del presidente L\u00f3pez Obrador a su hom\u00f3logo de EE.UU., Joe Biden El presidente de M\u00e9xico, Andr\u00e9s Manuel L\u00f3pez Obrador, dese\u00f3 a su hom\u00f3logo estadounidense Joe Biden que se recupere pronto de su contagio por COVID-19. \u201cLe deseo que le vaya muy bien, me [&hellip;]<\/p>\n","protected":false},"author":1,"featured_media":34405,"comment_status":"open","ping_status":"closed","sticky":false,"template":"","format":"standard","meta":{"footnotes":""},"categories":[9],"tags":[],"class_list":["post-34403","post","type-post","status-publish","format-standard","has-post-thumbnail","hentry","category-internacional"],"_links":{"self":[{"href":"https:\/\/solidaridadnews.com\/index.php?rest_route=\/wp\/v2\/posts\/34403","targetHints":{"allow":["GET"]}}],"collection":[{"href":"https:\/\/solidaridadnews.com\/index.php?rest_route=\/wp\/v2\/posts"}],"about":[{"href":"https:\/\/solidaridadnews.com\/index.php?rest_route=\/wp\/v2\/types\/post"}],"author":[{"embeddable":true,"href":"https:\/\/solidaridadnews.com\/index.php?rest_route=\/wp\/v2\/users\/1"}],"replies":[{"embeddable":true,"href":"https:\/\/solidaridadnews.com\/index.php?rest_route=%2Fwp%2Fv2%2Fcomments&post=34403"}],"version-history":[{"count":1,"href":"https:\/\/solidaridadnews.com\/index.php?rest_route=\/wp\/v2\/posts\/34403\/revisions"}],"predecessor-version":[{"id":34404,"href":"https:\/\/solidaridadnews.com\/index.php?rest_route=\/wp\/v2\/posts\/34403\/revisions\/34404"}],"wp:featuredmedia":[{"embeddable":true,"href":"https:\/\/solidaridadnews.com\/index.php?rest_route=\/wp\/v2\/media\/34405"}],"wp:attachment":[{"href":"https:\/\/solidaridadnews.com\/index.php?rest_route=%2Fwp%2Fv2%2Fmedia&parent=34403"}],"wp:term":[{"taxonomy":"category","embeddable":true,"href":"https:\/\/solidaridadnews.com\/index.php?rest_route=%2Fwp%2Fv2%2Fcategories&post=34403"},{"taxonomy":"post_tag","embeddable":true,"href":"https:\/\/solidaridadnews.com\/index.php?rest_route=%2Fwp%2Fv2%2Ftags&post=34403"}],"curies":[{"name":"wp","href":"https:\/\/api.w.org\/{rel}","templated":true}]}}