{"id":34391,"date":"2024-07-17T11:23:14","date_gmt":"2024-07-17T16:23:14","guid":{"rendered":"https:\/\/solidaridadnews.com\/?p=34391"},"modified":"2024-07-17T16:23:16","modified_gmt":"2024-07-17T16:23:16","slug":"senador-cesar-cravioto-se-reune-con-clara-brugada-y-autoridades-de-seguridad-de-la-cdmx","status":"publish","type":"post","link":"https:\/\/solidaridadnews.com\/?p=34391","title":{"rendered":"Senador C\u00e9sar Cravioto se re\u00fane con Clara Brugada y autoridades de seguridad de la CDMX"},"content":{"rendered":"<h4>\u00a0Discuten medidas para fortalecer la paz y tranquilidad en la capital mexicana<\/h4>\n<p>En una reuni\u00f3n de alto nivel, el senador C\u00e9sar Cravioto, acompa\u00f1ado por la pr\u00f3xima Jefa de Gobierno de la Ciudad de M\u00e9xico, Clara Brugada, y otras destacadas figuras en materia de seguridad como Ernestina Godoy, Salvador Guerrero Chipr\u00e9s y Tom\u00e1s Pliego, se reunieron con Pablo V\u00e1zquez Camacho, secretario de seguridad del Gobierno de la Ciudad de M\u00e9xico. El encuentro tuvo como objetivo abordar la situaci\u00f3n actual de la seguridad en la capital mexicana y discutir estrategias para mejorarla.<\/p>\n<p>Durante la sesi\u00f3n, que se llev\u00f3 a cabo en un ambiente de colaboraci\u00f3n y di\u00e1logo constructivo, se analizaron diversos aspectos relacionados con la prevenci\u00f3n del delito, el fortalecimiento de la vigilancia en las zonas vulnerables y la implementaci\u00f3n de pol\u00edticas p\u00fablicas efectivas para garantizar la seguridad de los ciudadanos.<\/p>\n<p>El senador Cravioto destac\u00f3 la importancia de estas reuniones interinstitucionales para coordinar esfuerzos y trabajar de manera conjunta en la b\u00fasqueda de soluciones integrales. Asimismo, expres\u00f3 su apoyo a la futura administraci\u00f3n encabezada por Clara Brugada, enfatizando la necesidad de un trabajo coordinado entre todos los niveles de gobierno y la sociedad civil.<\/p>\n<p>Por su parte, Clara Brugada agradeci\u00f3 la participaci\u00f3n y el compromiso de las autoridades presentes, subrayando su determinaci\u00f3n de hacer de la seguridad p\u00fablica una prioridad en su gesti\u00f3n gubernamental. Adem\u00e1s, reafirm\u00f3 su disposici\u00f3n para colaborar estrechamente con las instancias federales y locales con el fin de construir una ciudad m\u00e1s segura y tranquila para todos sus habitantes.<\/p>\n","protected":false},"excerpt":{"rendered":"<p>\u00a0Discuten medidas para fortalecer la paz y tranquilidad en la capital mexicana En una reuni\u00f3n de alto nivel, el senador C\u00e9sar Cravioto, acompa\u00f1ado por la pr\u00f3xima Jefa de Gobierno de la Ciudad de M\u00e9xico, Clara Brugada, y otras destacadas figuras en materia de seguridad como Ernestina Godoy, Salvador Guerrero Chipr\u00e9s y Tom\u00e1s Pliego, se reunieron [&hellip;]<\/p>\n","protected":false},"author":1,"featured_media":34393,"comment_status":"open","ping_status":"closed","sticky":false,"template":"","format":"standard","meta":{"footnotes":""},"categories":[16],"tags":[],"class_list":["post-34391","post","type-post","status-publish","format-standard","has-post-thumbnail","hentry","category-cdmx"],"_links":{"self":[{"href":"https:\/\/solidaridadnews.com\/index.php?rest_route=\/wp\/v2\/posts\/34391","targetHints":{"allow":["GET"]}}],"collection":[{"href":"https:\/\/solidaridadnews.com\/index.php?rest_route=\/wp\/v2\/posts"}],"about":[{"href":"https:\/\/solidaridadnews.com\/index.php?rest_route=\/wp\/v2\/types\/post"}],"author":[{"embeddable":true,"href":"https:\/\/solidaridadnews.com\/index.php?rest_route=\/wp\/v2\/users\/1"}],"replies":[{"embeddable":true,"href":"https:\/\/solidaridadnews.com\/index.php?rest_route=%2Fwp%2Fv2%2Fcomments&post=34391"}],"version-history":[{"count":1,"href":"https:\/\/solidaridadnews.com\/index.php?rest_route=\/wp\/v2\/posts\/34391\/revisions"}],"predecessor-version":[{"id":34392,"href":"https:\/\/solidaridadnews.com\/index.php?rest_route=\/wp\/v2\/posts\/34391\/revisions\/34392"}],"wp:featuredmedia":[{"embeddable":true,"href":"https:\/\/solidaridadnews.com\/index.php?rest_route=\/wp\/v2\/media\/34393"}],"wp:attachment":[{"href":"https:\/\/solidaridadnews.com\/index.php?rest_route=%2Fwp%2Fv2%2Fmedia&parent=34391"}],"wp:term":[{"taxonomy":"category","embeddable":true,"href":"https:\/\/solidaridadnews.com\/index.php?rest_route=%2Fwp%2Fv2%2Fcategories&post=34391"},{"taxonomy":"post_tag","embeddable":true,"href":"https:\/\/solidaridadnews.com\/index.php?rest_route=%2Fwp%2Fv2%2Ftags&post=34391"}],"curies":[{"name":"wp","href":"https:\/\/api.w.org\/{rel}","templated":true}]}}