{"id":34382,"date":"2024-07-17T10:39:16","date_gmt":"2024-07-17T15:39:16","guid":{"rendered":"https:\/\/solidaridadnews.com\/?p=34382"},"modified":"2024-07-17T15:39:17","modified_gmt":"2024-07-17T15:39:17","slug":"descubren-tecnologia-que-podria-sustituir-al-aire-acondicionado","status":"publish","type":"post","link":"https:\/\/solidaridadnews.com\/?p=34382","title":{"rendered":"Descubren tecnolog\u00eda que podr\u00eda sustituir al aire acondicionado"},"content":{"rendered":"<h4>Investigadores de la Sociedad Americana de Qu\u00edmica han desarrollado una alternativa basada en membranas vegetales.<\/h4>\n<p>Todo indica que se podr\u00eda haber descubierto la tecnolog\u00eda que sustituir\u00e1 al aire acondicionado. Seg\u00fan sus defensores, esta innovaci\u00f3n no tiene ning\u00fan efecto adverso y protege el medio ambiente. La Sociedad Americana de Qu\u00edmica ha informado sobre una nueva tecnolog\u00eda basada en membranas vegetales que podr\u00edan reemplazar al aire acondicionado en coches o edificios.<\/p>\n<p>Estas membranas, al contacto con el sol, se enfr\u00edan y los estudios iniciales muestran resultados prometedores. La Sociedad Americana de Qu\u00edmica asegura que esta tecnolog\u00eda podr\u00eda enfriar edificios y veh\u00edculos sin necesidad de energ\u00eda adicional. Aunque la investigaci\u00f3n est\u00e1 en una fase temprana, los investigadores son optimistas y creen que pronto podr\u00e1n sustituir al aire acondicionado tradicional.<\/p>\n<p>Silvia Vignolini, la investigadora principal del proyecto, explic\u00f3 que para crear materiales que se mantengan m\u00e1s frescos que la temperatura ambiente durante el d\u00eda, es esencial que reflejen la luz solar en lugar de absorberla. Vignolini coment\u00f3 que ya existen algunos materiales con esta capacidad, pero su equipo espera que este sistema de refrigeraci\u00f3n revolucionario est\u00e9 disponible en varias texturas y colores.<\/p>\n<p>El equipo ya ha fabricado pel\u00edculas refrigerantes en tonos azules, verdes y rojos, que han mantenido una temperatura aproximadamente 2.5 grados cent\u00edgrados inferior a la del entorno. Aseguran que un metro cuadrado de esta membrana puede generar m\u00e1s de 120 vatios de potencia de refrigeraci\u00f3n, comparable al rendimiento de muchos aparatos de aire acondicionado. Actualmente, los investigadores est\u00e1n trabajando en mejorar la funcionalidad de este sistema y tienen el objetivo de integrar sensores capaces de detectar la contaminaci\u00f3n atmosf\u00e9rica o los cambios meteorol\u00f3gicos.<\/p>\n<p>Esta tecnolog\u00eda promete ser una alternativa sostenible y eficiente al aire acondicionado tradicional. Con el avance de las investigaciones, se espera que su implementaci\u00f3n pueda contribuir significativamente a la reducci\u00f3n del consumo de energ\u00eda y al cuidado del medio ambiente.<\/p>\n","protected":false},"excerpt":{"rendered":"<p>Investigadores de la Sociedad Americana de Qu\u00edmica han desarrollado una alternativa basada en membranas vegetales. Todo indica que se podr\u00eda haber descubierto la tecnolog\u00eda que sustituir\u00e1 al aire acondicionado. Seg\u00fan sus defensores, esta innovaci\u00f3n no tiene ning\u00fan efecto adverso y protege el medio ambiente. La Sociedad Americana de Qu\u00edmica ha informado sobre una nueva tecnolog\u00eda [&hellip;]<\/p>\n","protected":false},"author":1,"featured_media":34384,"comment_status":"open","ping_status":"closed","sticky":false,"template":"","format":"standard","meta":{"footnotes":""},"categories":[8],"tags":[],"class_list":["post-34382","post","type-post","status-publish","format-standard","has-post-thumbnail","hentry","category-tecnologia"],"_links":{"self":[{"href":"https:\/\/solidaridadnews.com\/index.php?rest_route=\/wp\/v2\/posts\/34382","targetHints":{"allow":["GET"]}}],"collection":[{"href":"https:\/\/solidaridadnews.com\/index.php?rest_route=\/wp\/v2\/posts"}],"about":[{"href":"https:\/\/solidaridadnews.com\/index.php?rest_route=\/wp\/v2\/types\/post"}],"author":[{"embeddable":true,"href":"https:\/\/solidaridadnews.com\/index.php?rest_route=\/wp\/v2\/users\/1"}],"replies":[{"embeddable":true,"href":"https:\/\/solidaridadnews.com\/index.php?rest_route=%2Fwp%2Fv2%2Fcomments&post=34382"}],"version-history":[{"count":1,"href":"https:\/\/solidaridadnews.com\/index.php?rest_route=\/wp\/v2\/posts\/34382\/revisions"}],"predecessor-version":[{"id":34383,"href":"https:\/\/solidaridadnews.com\/index.php?rest_route=\/wp\/v2\/posts\/34382\/revisions\/34383"}],"wp:featuredmedia":[{"embeddable":true,"href":"https:\/\/solidaridadnews.com\/index.php?rest_route=\/wp\/v2\/media\/34384"}],"wp:attachment":[{"href":"https:\/\/solidaridadnews.com\/index.php?rest_route=%2Fwp%2Fv2%2Fmedia&parent=34382"}],"wp:term":[{"taxonomy":"category","embeddable":true,"href":"https:\/\/solidaridadnews.com\/index.php?rest_route=%2Fwp%2Fv2%2Fcategories&post=34382"},{"taxonomy":"post_tag","embeddable":true,"href":"https:\/\/solidaridadnews.com\/index.php?rest_route=%2Fwp%2Fv2%2Ftags&post=34382"}],"curies":[{"name":"wp","href":"https:\/\/api.w.org\/{rel}","templated":true}]}}