{"id":34369,"date":"2024-07-16T12:00:28","date_gmt":"2024-07-16T17:00:28","guid":{"rendered":"https:\/\/solidaridadnews.com\/?p=34369"},"modified":"2024-07-16T17:00:29","modified_gmt":"2024-07-16T17:00:29","slug":"quintana-roo-sumara-un-sexto-equipo-a-la-liga-tdp","status":"publish","type":"post","link":"https:\/\/solidaridadnews.com\/?p=34369","title":{"rendered":"Quintana Roo sumar\u00e1 un sexto equipo a la Liga TDP"},"content":{"rendered":"<p>Al terminar el Torneo 2023-24 del Grupo Uno de la Liga de Tercera Divisi\u00f3n Profesional (TDP), el futbol de Quintana Roo se qued\u00f3 sin uno de sus equipos representantes, ante la desaparici\u00f3n de los Zorros Futbol Club de Puerto Morelos; pero m\u00e1s r\u00e1pido que de prisa, se anunci\u00f3 el regreso a esta categor\u00eda de los Ejidatarios de Bonfil, pero no solo eso, sino que ahora se dio a conocer el arribo al balompi\u00e9 profesional del Club Atl\u00e9tico Quintanarroense (CAQ), mismo que tendr\u00e1 como sede la ciudad de Playa del Carmen, en el municipio de Solidaridad.<\/p>\n<p>Este nuevo equipo caribe\u00f1o, tendr\u00e1 todo el repaldo del Sindicato de Taxistas \u201cL\u00e1zaro C\u00e1rdenas\u201d de Solidaridad, tanto as\u00ed que su secretario general Luis Herrera Quiam, quedar\u00e1 como el presidente del Club ante la Liga TDP; mientras que el puesto de director deportivo, recaer\u00e1 en la persona del ex portero profesional, con experiencia en este tipo de cargos, Sergio \u201cBuyo\u201d Contreras.<\/p>\n<p>El Atl\u00e9tico Quintanarroense, jugar\u00e1 en la cancha del propio gremio de chafiretes en Playa del Carmen, la cual se encuentra en un proceso de renovaci\u00f3n, para cumplir con los requisitos exigidos por la Federaci\u00f3n Mexicana de Futbol (FMF), para ser sede de la Liga TDP. Cabe se\u00f1alar, que a\u00fan no se tiene un d\u00eda asignado para celebrar sus partidos como anfitriones, aunque todo apunta a que ser\u00e1n los d\u00edas s\u00e1bado.<\/p>\n<p>De igual manera se dio a conocer, que su director t\u00e9cnico, ser\u00e1 el profesor Enrique Vela Garrido, quien hasta el anterior a\u00f1o futbol\u00edstico, dirigi\u00f3 a los Pioneros Futbol Club en la Serie A de la Liga Premier MX.<\/p>\n<p>Pensando en la conformaci\u00f3n de su plantilla, el CAQ cuyo propietario es Salvador Diego, ha anunciado su convocatoria para la etapa de visor\u00edas, las cuales se llevar\u00e1n a cabo los d\u00edas jueves 18 y viernes 19 de julio a partir de las 15:30 horas en el Deportivo Viany de Canc\u00fan.<\/p>\n<p>Los jugadores convocados a estas pruebas, son los nacidos en los a\u00f1os 2003, 2004, 2005, 2006 y 2007, mismos que deber\u00e1n presentarse al lugar de la cita, con playera, short y calcetas blancas, espinilleras, zapatos de futbol, adem\u00e1s de su propia hidrataci\u00f3n.<\/p>\n<p>El Atl\u00e9tico Quintanarroense, hizo este anuncio a trav\u00e9s de sus redes sociales, en donde publicaron que esta alianza representa un gran avance tanto para el Club como para el sindicato, permiti\u00e9ndoles seguir formando j\u00f3venes talentos y fomentando el deporte en Quintana Roo.<\/p>\n<p>Con la llegada de este equipo a la Liga TDP, ser\u00e1n seis los cuadros caribe\u00f1os que tomen parte del Grupo Uno, ya que el Atl\u00e9tico Quintanarroense se une a los Pioneros Juniors de Canc\u00fan, Boston Canc\u00fan Futbol Club, Ejidatarios de Bonfil, Inter Playa del Carmen y Tigrillos del Deportivo Chetumal.<\/p>\n<p>&nbsp;<\/p>\n<p>&nbsp;<\/p>\n","protected":false},"excerpt":{"rendered":"<p>Al terminar el Torneo 2023-24 del Grupo Uno de la Liga de Tercera Divisi\u00f3n Profesional (TDP), el futbol de Quintana Roo se qued\u00f3 sin uno de sus equipos representantes, ante la desaparici\u00f3n de los Zorros Futbol Club de Puerto Morelos; pero m\u00e1s r\u00e1pido que de prisa, se anunci\u00f3 el regreso a esta categor\u00eda de los [&hellip;]<\/p>\n","protected":false},"author":1,"featured_media":34371,"comment_status":"open","ping_status":"closed","sticky":false,"template":"","format":"standard","meta":{"footnotes":""},"categories":[4],"tags":[],"class_list":["post-34369","post","type-post","status-publish","format-standard","has-post-thumbnail","hentry","category-local"],"_links":{"self":[{"href":"https:\/\/solidaridadnews.com\/index.php?rest_route=\/wp\/v2\/posts\/34369","targetHints":{"allow":["GET"]}}],"collection":[{"href":"https:\/\/solidaridadnews.com\/index.php?rest_route=\/wp\/v2\/posts"}],"about":[{"href":"https:\/\/solidaridadnews.com\/index.php?rest_route=\/wp\/v2\/types\/post"}],"author":[{"embeddable":true,"href":"https:\/\/solidaridadnews.com\/index.php?rest_route=\/wp\/v2\/users\/1"}],"replies":[{"embeddable":true,"href":"https:\/\/solidaridadnews.com\/index.php?rest_route=%2Fwp%2Fv2%2Fcomments&post=34369"}],"version-history":[{"count":1,"href":"https:\/\/solidaridadnews.com\/index.php?rest_route=\/wp\/v2\/posts\/34369\/revisions"}],"predecessor-version":[{"id":34370,"href":"https:\/\/solidaridadnews.com\/index.php?rest_route=\/wp\/v2\/posts\/34369\/revisions\/34370"}],"wp:featuredmedia":[{"embeddable":true,"href":"https:\/\/solidaridadnews.com\/index.php?rest_route=\/wp\/v2\/media\/34371"}],"wp:attachment":[{"href":"https:\/\/solidaridadnews.com\/index.php?rest_route=%2Fwp%2Fv2%2Fmedia&parent=34369"}],"wp:term":[{"taxonomy":"category","embeddable":true,"href":"https:\/\/solidaridadnews.com\/index.php?rest_route=%2Fwp%2Fv2%2Fcategories&post=34369"},{"taxonomy":"post_tag","embeddable":true,"href":"https:\/\/solidaridadnews.com\/index.php?rest_route=%2Fwp%2Fv2%2Ftags&post=34369"}],"curies":[{"name":"wp","href":"https:\/\/api.w.org\/{rel}","templated":true}]}}