{"id":34300,"date":"2024-07-13T12:59:20","date_gmt":"2024-07-13T17:59:20","guid":{"rendered":"https:\/\/solidaridadnews.com\/?p=34300"},"modified":"2024-07-14T18:01:07","modified_gmt":"2024-07-14T18:01:07","slug":"crista-mama-de-gala-montes-arremete-contra-maryfer-centeno","status":"publish","type":"post","link":"https:\/\/solidaridadnews.com\/?p=34300","title":{"rendered":"Crista, mam\u00e1 de Gala Montes, arremete contra Maryfer Centeno"},"content":{"rendered":"<h4>La mujer acus\u00f3 a la graf\u00f3loga de obtener publicidad gratuita por parte de Gala.<\/h4>\n<p>La discusi\u00f3n de Gala Montes con su madre ha sido tema de inter\u00e9s nacional, sobre todo, despu\u00e9s de que subiera un video a redes sociales en d\u00f3nde narra los abusos que hab\u00eda sufrido por su progenitora, de nombre Crista.<\/p>\n<p>Incluso, Gala acus\u00f3 a su madre de querer quitarle la mitad de su dinero, mientras que Crista sostuvo que su hija la hab\u00eda despedido injustificadamente tras ser su manager durante 18 a\u00f1os.<\/p>\n<p>Aprovech\u00e1ndose de la pol\u00e9mica, la conductora especialista en realizar an\u00e1lisis del lenguaje corporal decidi\u00f3 hacer uno de sus cl\u00e1sicos videos en los cu\u00e1les bridan una lectura sobre el an\u00e1lisis corporal de ambas implicadas. Sobre la madre, Centeno explica:<\/p>\n<p>\u201cNota c\u00f3mo est\u00e1 totalmente enojada, no demuestra dolor o preocupaci\u00f3n por su hija. Es retadora y est\u00e1 disfrutando lo que est\u00e1 diciendo; alcanzo a ver c\u00f3mo la pupila se dilata del placer que le da contar esto; cualquiera pensar\u00eda que est\u00e1 triste, pero no\u201d.<\/p>\n<p>Ante esta lectura, la madre de Gala no result\u00f3 muy contenta, por lo que subi\u00f3 otro video a sus redes sociales en el que le reclamaba a la graf\u00f3loga que solo hab\u00eda realizado comentarios negativos sobre ella.<\/p>\n<p>Si not\u00e9 que dio todos los rasgos negativos m\u00edos, quiero comentarles por ejemplo que eso que hizo es seguramente porque Gala le dijo que diera mis rasgos y nada m\u00e1s se bas\u00f3 en los rasgos negativos m\u00edos.<\/p>\n<p>Adem\u00e1s, afirm\u00f3 que todas las personas tenemos rasgos que no son tan agradables, incluida su hija:<\/p>\n<p>Todo mundo tenemos rasgos negativos y rasgos positivos. Tanto Gala como yo, pero nada m\u00e1s se basaron en los rasgos negativos m\u00edos.<\/p>\n<p>Por \u00faltimo, mencion\u00f3 que la raz\u00f3n de estos an\u00e1lisis era un gran inter\u00e9s de Maryfer hacia Gala ya que consegu\u00eda publicidad gratis a partir de ella:<\/p>\n<p>Quiero comentarles que atr\u00e1s de todo esto hay intereses, porque seguramente Maryfer Centeno los dio porque cada vez que va Gala a su programa le da publicidad gratis, no le cobra y a Maryfer Centeno le conviene.<\/p>\n","protected":false},"excerpt":{"rendered":"<p>La mujer acus\u00f3 a la graf\u00f3loga de obtener publicidad gratuita por parte de Gala. La discusi\u00f3n de Gala Montes con su madre ha sido tema de inter\u00e9s nacional, sobre todo, despu\u00e9s de que subiera un video a redes sociales en d\u00f3nde narra los abusos que hab\u00eda sufrido por su progenitora, de nombre Crista. Incluso, Gala [&hellip;]<\/p>\n","protected":false},"author":1,"featured_media":34302,"comment_status":"open","ping_status":"closed","sticky":false,"template":"","format":"standard","meta":{"footnotes":""},"categories":[3],"tags":[],"class_list":["post-34300","post","type-post","status-publish","format-standard","has-post-thumbnail","hentry","category-espectaculos"],"_links":{"self":[{"href":"https:\/\/solidaridadnews.com\/index.php?rest_route=\/wp\/v2\/posts\/34300","targetHints":{"allow":["GET"]}}],"collection":[{"href":"https:\/\/solidaridadnews.com\/index.php?rest_route=\/wp\/v2\/posts"}],"about":[{"href":"https:\/\/solidaridadnews.com\/index.php?rest_route=\/wp\/v2\/types\/post"}],"author":[{"embeddable":true,"href":"https:\/\/solidaridadnews.com\/index.php?rest_route=\/wp\/v2\/users\/1"}],"replies":[{"embeddable":true,"href":"https:\/\/solidaridadnews.com\/index.php?rest_route=%2Fwp%2Fv2%2Fcomments&post=34300"}],"version-history":[{"count":1,"href":"https:\/\/solidaridadnews.com\/index.php?rest_route=\/wp\/v2\/posts\/34300\/revisions"}],"predecessor-version":[{"id":34301,"href":"https:\/\/solidaridadnews.com\/index.php?rest_route=\/wp\/v2\/posts\/34300\/revisions\/34301"}],"wp:featuredmedia":[{"embeddable":true,"href":"https:\/\/solidaridadnews.com\/index.php?rest_route=\/wp\/v2\/media\/34302"}],"wp:attachment":[{"href":"https:\/\/solidaridadnews.com\/index.php?rest_route=%2Fwp%2Fv2%2Fmedia&parent=34300"}],"wp:term":[{"taxonomy":"category","embeddable":true,"href":"https:\/\/solidaridadnews.com\/index.php?rest_route=%2Fwp%2Fv2%2Fcategories&post=34300"},{"taxonomy":"post_tag","embeddable":true,"href":"https:\/\/solidaridadnews.com\/index.php?rest_route=%2Fwp%2Fv2%2Ftags&post=34300"}],"curies":[{"name":"wp","href":"https:\/\/api.w.org\/{rel}","templated":true}]}}