{"id":34294,"date":"2024-07-12T12:19:09","date_gmt":"2024-07-12T17:19:09","guid":{"rendered":"https:\/\/solidaridadnews.com\/?p=34294"},"modified":"2024-07-14T17:21:20","modified_gmt":"2024-07-14T17:21:20","slug":"tachan-de-mal-padre-a-nodal-prefieres-al-perro-que-a-tu-hija","status":"publish","type":"post","link":"https:\/\/solidaridadnews.com\/?p=34294","title":{"rendered":"Tachan de mal padre a Nodal: Prefieres al perro que a tu hija"},"content":{"rendered":"<h4>Cibernautas siguen sin perdonarle haber dejado a Cazzu y comenzar una relaci\u00f3n con \u00c1ngela Aguilar.<\/h4>\n<p>Una vez m\u00e1s, Christian Nodal est\u00e1 dando de qu\u00e9 hablar en las redes sociales debido a una reciente fotograf\u00eda que ha compartido en el feed de su Instagram, y es que est\u00e1 siendo tachado de mal padre con Inti, ya que usuarios se\u00f1alan que el cantante prefiere a un perro que a su hija.<\/p>\n<p>Christian Nodal de nueva cuenta se pone en el blanco de la cr\u00edtica por una fotograf\u00eda que public\u00f3 en la que aparece posando feliz con su nueva mascota, esto le ha costado ser tachado de mal padre con Inti, le dicen \u201cprefieres al perro que a tu hija\u201d, el cantante no logra que los usuarios dejen de tirarle h@te desde que hizo oficial su romance con la hija de Pepe Aguilar.<\/p>\n<p>A trav\u00e9s de sus historias de Instagram, el int\u00e9rprete de \u201cadi\u00f3s amor\u201d subi\u00f3 un video en donde se ve feliz cargando a su mascota, se trata de un perrito al que ha llamado \u201cChich\u00ed\u201d, y quien lo acompa\u00f1a en cada una de sus giras, viaja con \u00e9l en su jet privado y se han vuelto inseparables, el cantante lo consiente llen\u00e1ndolo de mimos y brind\u00e1ndole una buena vida.<\/p>\n<p>Tambi\u00e9n en el feed de su Instagram poste\u00f3 una foto en donde se observa a Christian Nodal viajando en su jet privado y sosteniendo a Chich\u00ed en sus piernas, haci\u00e9ndole caricias, esto desat\u00f3 comentarios tanto positivos, como negativos, pues mientras algunos se enfocaron en elogiar a la mascota del sonorense, otros m\u00e1s lo llenaron de cr\u00edticas.<\/p>\n<p>Y es que mencionaron que el novio de \u00c1ngela Aguilar est\u00e1 m\u00e1s al pendiente de su mascota Chich\u00ed que de su hija Inti, le reprochan el no estar a su lado y haber dejado a Julieta Cazzuchelli cuando la beb\u00e9 apenas ten\u00eda 8 meses de nacida, adem\u00e1s de que borr\u00f3 de Instagram todas las fotograf\u00edas que hab\u00eda compartido de su heredera.<\/p>\n","protected":false},"excerpt":{"rendered":"<p>Cibernautas siguen sin perdonarle haber dejado a Cazzu y comenzar una relaci\u00f3n con \u00c1ngela Aguilar. Una vez m\u00e1s, Christian Nodal est\u00e1 dando de qu\u00e9 hablar en las redes sociales debido a una reciente fotograf\u00eda que ha compartido en el feed de su Instagram, y es que est\u00e1 siendo tachado de mal padre con Inti, ya [&hellip;]<\/p>\n","protected":false},"author":1,"featured_media":34296,"comment_status":"open","ping_status":"closed","sticky":false,"template":"","format":"standard","meta":{"footnotes":""},"categories":[3],"tags":[],"class_list":["post-34294","post","type-post","status-publish","format-standard","has-post-thumbnail","hentry","category-espectaculos"],"_links":{"self":[{"href":"https:\/\/solidaridadnews.com\/index.php?rest_route=\/wp\/v2\/posts\/34294","targetHints":{"allow":["GET"]}}],"collection":[{"href":"https:\/\/solidaridadnews.com\/index.php?rest_route=\/wp\/v2\/posts"}],"about":[{"href":"https:\/\/solidaridadnews.com\/index.php?rest_route=\/wp\/v2\/types\/post"}],"author":[{"embeddable":true,"href":"https:\/\/solidaridadnews.com\/index.php?rest_route=\/wp\/v2\/users\/1"}],"replies":[{"embeddable":true,"href":"https:\/\/solidaridadnews.com\/index.php?rest_route=%2Fwp%2Fv2%2Fcomments&post=34294"}],"version-history":[{"count":1,"href":"https:\/\/solidaridadnews.com\/index.php?rest_route=\/wp\/v2\/posts\/34294\/revisions"}],"predecessor-version":[{"id":34295,"href":"https:\/\/solidaridadnews.com\/index.php?rest_route=\/wp\/v2\/posts\/34294\/revisions\/34295"}],"wp:featuredmedia":[{"embeddable":true,"href":"https:\/\/solidaridadnews.com\/index.php?rest_route=\/wp\/v2\/media\/34296"}],"wp:attachment":[{"href":"https:\/\/solidaridadnews.com\/index.php?rest_route=%2Fwp%2Fv2%2Fmedia&parent=34294"}],"wp:term":[{"taxonomy":"category","embeddable":true,"href":"https:\/\/solidaridadnews.com\/index.php?rest_route=%2Fwp%2Fv2%2Fcategories&post=34294"},{"taxonomy":"post_tag","embeddable":true,"href":"https:\/\/solidaridadnews.com\/index.php?rest_route=%2Fwp%2Fv2%2Ftags&post=34294"}],"curies":[{"name":"wp","href":"https:\/\/api.w.org\/{rel}","templated":true}]}}