{"id":34291,"date":"2024-07-12T12:14:43","date_gmt":"2024-07-12T17:14:43","guid":{"rendered":"https:\/\/solidaridadnews.com\/?p=34291"},"modified":"2024-07-14T17:18:18","modified_gmt":"2024-07-14T17:18:18","slug":"a-chayanne-no-le-salio-magneto-revela-que-vuela-vuela-era-para-el-cantante-puertorriqueno","status":"publish","type":"post","link":"https:\/\/solidaridadnews.com\/?p=34291","title":{"rendered":"A Chayanne no le sali\u00f3! Magneto revela que &#8216;Vuela, vuela&#8217; era para el cantante puertorrique\u00f1o"},"content":{"rendered":"<h4>Fue durante su participaci\u00f3n en el programa de Pinky Promise en donde la banda revel\u00f3 que una de sus canciones m\u00e1s exitosas y con la que m\u00e1s personas reconocen al grupo, fue creada para ser un \u00e9xito de Chayanne.<\/h4>\n<p>Gracias a un famoso programa de Pinky Promise, la agrupaci\u00f3n conocida como Magneto, revel\u00f3 que una de sus canciones m\u00e1s exitosas, y la cual lleva el nombre de uno de sus \u00e1lbumes, estaba hecha principalmente para el Chayanne; te contamos los detalles a continuaci\u00f3n.<\/p>\n<p>Magneto es un grupo pop mexicano que es considerado como una boy band. Tuvieron su debut el 14 de febrero de 1983, fecha en que publicaron su primer \u00e1lbum llamado D\u00e9jalo Que Gire. Los integrantes de \u00e9sta famosa banda musical son\u200b El\u00edas Cervantes, Mauri Stern, Hugo de la Barreda, Alan Ibarra y To\u00f1o Beltranena.<\/p>\n<p>la banda de pop conocida como Magneto, revel\u00f3 durante su participaci\u00f3n en el programa de Pinky Promise que una de sus canciones m\u00e1s exitosas y con la que m\u00e1s personas reconocen al grupo, fue creada para ser un \u00e9xito de Chayanne.<\/p>\n<p>\u00c9ste famoso sencillo es conocido como Vuela, vuela, misma canci\u00f3n que ha sido el emblema estrella para la banda y que ha transitado de generaci\u00f3n en generaci\u00f3n.<\/p>\n<p>Durante el podcast de Pinky Promise, la agrupaci\u00f3n revel\u00f3 el siguiente mensaje: \u00abEn \u00e9ste momento vale la pena hablar del tema de Tom\u00e1s Mu\u00f1oz y que Vuela, Vuela pertenec\u00eda a Chayanne originalmente\u00bb, dijo To\u00f1o durante el programa.<\/p>\n<p>\u00abLa historia que conozco, e igual y est\u00e1 mal que yo sea el que la cuente, es que Tom\u00e1s Mu\u00f1oz, que era en aquel entonces el director de toda la regional que Sony Latins; la historia que me lleg\u00f3 a m\u00ed, es que ese tema lo intent\u00f3 grabar varios cantantes latinos; uno de ellos fue Chayanne, pero al final del d\u00eda no le hab\u00eda gustado mucho esa versi\u00f3n\u00bb, revel\u00f3 Alan.<\/p>\n","protected":false},"excerpt":{"rendered":"<p>Fue durante su participaci\u00f3n en el programa de Pinky Promise en donde la banda revel\u00f3 que una de sus canciones m\u00e1s exitosas y con la que m\u00e1s personas reconocen al grupo, fue creada para ser un \u00e9xito de Chayanne. Gracias a un famoso programa de Pinky Promise, la agrupaci\u00f3n conocida como Magneto, revel\u00f3 que una [&hellip;]<\/p>\n","protected":false},"author":1,"featured_media":34293,"comment_status":"open","ping_status":"closed","sticky":false,"template":"","format":"standard","meta":{"footnotes":""},"categories":[3],"tags":[],"class_list":["post-34291","post","type-post","status-publish","format-standard","has-post-thumbnail","hentry","category-espectaculos"],"_links":{"self":[{"href":"https:\/\/solidaridadnews.com\/index.php?rest_route=\/wp\/v2\/posts\/34291","targetHints":{"allow":["GET"]}}],"collection":[{"href":"https:\/\/solidaridadnews.com\/index.php?rest_route=\/wp\/v2\/posts"}],"about":[{"href":"https:\/\/solidaridadnews.com\/index.php?rest_route=\/wp\/v2\/types\/post"}],"author":[{"embeddable":true,"href":"https:\/\/solidaridadnews.com\/index.php?rest_route=\/wp\/v2\/users\/1"}],"replies":[{"embeddable":true,"href":"https:\/\/solidaridadnews.com\/index.php?rest_route=%2Fwp%2Fv2%2Fcomments&post=34291"}],"version-history":[{"count":1,"href":"https:\/\/solidaridadnews.com\/index.php?rest_route=\/wp\/v2\/posts\/34291\/revisions"}],"predecessor-version":[{"id":34292,"href":"https:\/\/solidaridadnews.com\/index.php?rest_route=\/wp\/v2\/posts\/34291\/revisions\/34292"}],"wp:featuredmedia":[{"embeddable":true,"href":"https:\/\/solidaridadnews.com\/index.php?rest_route=\/wp\/v2\/media\/34293"}],"wp:attachment":[{"href":"https:\/\/solidaridadnews.com\/index.php?rest_route=%2Fwp%2Fv2%2Fmedia&parent=34291"}],"wp:term":[{"taxonomy":"category","embeddable":true,"href":"https:\/\/solidaridadnews.com\/index.php?rest_route=%2Fwp%2Fv2%2Fcategories&post=34291"},{"taxonomy":"post_tag","embeddable":true,"href":"https:\/\/solidaridadnews.com\/index.php?rest_route=%2Fwp%2Fv2%2Ftags&post=34291"}],"curies":[{"name":"wp","href":"https:\/\/api.w.org\/{rel}","templated":true}]}}