{"id":34288,"date":"2024-07-12T12:07:59","date_gmt":"2024-07-12T17:07:59","guid":{"rendered":"https:\/\/solidaridadnews.com\/?p=34288"},"modified":"2024-07-14T17:10:57","modified_gmt":"2024-07-14T17:10:57","slug":"giakoumakis-sanchez-y-romo-listos-para-debutar-con-cruz-azul-ante-rayados","status":"publish","type":"post","link":"https:\/\/solidaridadnews.com\/?p=34288","title":{"rendered":"Giakoumakis, S\u00e1nchez y Romo, listos para debutar con Cruz Azul ante Rayados"},"content":{"rendered":"<h4>Los tres refuerzos de La M\u00e1quina ser\u00e1n convocados por Mart\u00edn Anselmi para la Jornada 2 del Apertura 2024.<\/h4>\n<p>Cruz Azul llegar\u00e1 reforzado a la Jornada 2 del Apertura 2024 donde visitar\u00e1 a Rayados este s\u00e1bado por la noche en la cancha del Gigante de Acero.<\/p>\n<p>De acuerdo a informaci\u00f3n recabada, el griego Giorgos Giakoumakis y los mexicanos Jorge S\u00e1nchez y Luis Romo est\u00e1n listos para debutar con La M\u00e1quina.<\/p>\n<p>Los tres futbolistas ser\u00e1n convocados por Mart\u00edn Anselmi y ver\u00e1n minutos ante Monterrey, incluso hasta podr\u00edan iniciar de titulares si el t\u00e9cnico as\u00ed lo desea.<\/p>\n<p>En caso de que arranquen en el duelo de la segunda fecha de la Liga MX, Jorge S\u00e1nchez ocupar\u00eda el lugar que dej\u00f3 Rodrigo Huescas, quien parti\u00f3 a Europa con el Copenhague dan\u00e9s.<\/p>\n<p>Mientras que Giakoumakis se perfila a sustituir a \u00c1ngel Sep\u00falveda, y Luis Romo podr\u00eda reemplazar a Nacho Rivero o Carlos Rodr\u00edguez, quienes iniciaron en la Jornada 1 frente a Mazatl\u00e1n, partido que Cruz Azul gan\u00f3 1-0 con gol de Bryan Gamboa.<\/p>\n<p>La mala noticia para la afici\u00f3n cementera es que contra Rayados podr\u00eda ser el \u00faltimo o de los \u00faltimos partidos de Uriel Antuna con la camiseta de La M\u00e1quina.<\/p>\n<p>Esparza inform\u00f3 en d\u00edas pasados que el seleccionado nacional est\u00e1 por viajar a Grecia para cerrar su fichaje con el AEK Atenas de Mat\u00edas Almeyda.<\/p>\n<p>Antuna ocupar\u00eda el lugar de otro mexicano, Orbel\u00edn Pineda, quien tendr\u00eda negociaciones avanzadas para regresar a la Liga MX con Monterrey.<\/p>\n","protected":false},"excerpt":{"rendered":"<p>Los tres refuerzos de La M\u00e1quina ser\u00e1n convocados por Mart\u00edn Anselmi para la Jornada 2 del Apertura 2024. Cruz Azul llegar\u00e1 reforzado a la Jornada 2 del Apertura 2024 donde visitar\u00e1 a Rayados este s\u00e1bado por la noche en la cancha del Gigante de Acero. De acuerdo a informaci\u00f3n recabada, el griego Giorgos Giakoumakis y [&hellip;]<\/p>\n","protected":false},"author":1,"featured_media":34290,"comment_status":"open","ping_status":"closed","sticky":false,"template":"","format":"standard","meta":{"footnotes":""},"categories":[6],"tags":[],"class_list":["post-34288","post","type-post","status-publish","format-standard","has-post-thumbnail","hentry","category-deportes"],"_links":{"self":[{"href":"https:\/\/solidaridadnews.com\/index.php?rest_route=\/wp\/v2\/posts\/34288","targetHints":{"allow":["GET"]}}],"collection":[{"href":"https:\/\/solidaridadnews.com\/index.php?rest_route=\/wp\/v2\/posts"}],"about":[{"href":"https:\/\/solidaridadnews.com\/index.php?rest_route=\/wp\/v2\/types\/post"}],"author":[{"embeddable":true,"href":"https:\/\/solidaridadnews.com\/index.php?rest_route=\/wp\/v2\/users\/1"}],"replies":[{"embeddable":true,"href":"https:\/\/solidaridadnews.com\/index.php?rest_route=%2Fwp%2Fv2%2Fcomments&post=34288"}],"version-history":[{"count":1,"href":"https:\/\/solidaridadnews.com\/index.php?rest_route=\/wp\/v2\/posts\/34288\/revisions"}],"predecessor-version":[{"id":34289,"href":"https:\/\/solidaridadnews.com\/index.php?rest_route=\/wp\/v2\/posts\/34288\/revisions\/34289"}],"wp:featuredmedia":[{"embeddable":true,"href":"https:\/\/solidaridadnews.com\/index.php?rest_route=\/wp\/v2\/media\/34290"}],"wp:attachment":[{"href":"https:\/\/solidaridadnews.com\/index.php?rest_route=%2Fwp%2Fv2%2Fmedia&parent=34288"}],"wp:term":[{"taxonomy":"category","embeddable":true,"href":"https:\/\/solidaridadnews.com\/index.php?rest_route=%2Fwp%2Fv2%2Fcategories&post=34288"},{"taxonomy":"post_tag","embeddable":true,"href":"https:\/\/solidaridadnews.com\/index.php?rest_route=%2Fwp%2Fv2%2Ftags&post=34288"}],"curies":[{"name":"wp","href":"https:\/\/api.w.org\/{rel}","templated":true}]}}