{"id":34279,"date":"2024-07-11T12:17:54","date_gmt":"2024-07-11T17:17:54","guid":{"rendered":"https:\/\/solidaridadnews.com\/?p=34279"},"modified":"2024-07-11T17:17:55","modified_gmt":"2024-07-11T17:17:55","slug":"agricultores-de-sonora-alertan-crisis-por-caida-de-precios-en-el-mercado-internacional","status":"publish","type":"post","link":"https:\/\/solidaridadnews.com\/?p=34279","title":{"rendered":"Agricultores de Sonora alertan crisis por ca\u00edda de precios en el mercado internacional"},"content":{"rendered":"<p>Las asociaciones y organismos de productores del estado de Sonora, alertaron sobre la quiebra de varios agricultores en la regi\u00f3n debido a los bajos precios de los granos en el mercado internacional respecto al a\u00f1o pasado, seg\u00fan la Bolsa de Valores de Chicago, que est\u00e1n provocando ingresos insuficientes para la subsistencia de los productores.<\/p>\n<p>Representantes de la Uni\u00f3n de Sociedades de Producci\u00f3n Rural del Sur de Sonora (USPRUSS), la Uni\u00f3n de Cr\u00e9dito Agropecuario e Industrial Colonos de Irrigaci\u00f3n (Ucaicisa), la Asociaci\u00f3n de Organismos de Agricultores del Sur de Sonora (AOASS) y la Asociaci\u00f3n de Agricultores del Valle del Yaqui (AAVYAC), informaron que solicitaron la intervenci\u00f3n del titular de la Secretar\u00eda de Agricultura y Desarrollo Rural (Sader), V\u00edctor Villalobos, para que implemente pol\u00edticas adecuadas que aborden la actual contingencia de mercado.<\/p>\n<p>Desde el 4 de abril pasado, los productores ya hab\u00edan comunicado a la Sader sobre los bajos precios de los granos en la Bolsa de Valores de Chicago, recientemente, enviaron una nueva carta al secretario de Agricultura, solicitando su intervenci\u00f3n para evitar un colapso econ\u00f3mico entre los productores primarios.<\/p>\n<p>Los productores explicaron que tras el proceso de venta y liquidaci\u00f3n de la cosecha de trigo cristalino, enfrentan una grave crisis financiera, \u00ablos agricultores no est\u00e1n obteniendo ingresos suficientes para subsistir, ya que la actividad no es rentable,\u00bb destacaron en un comunicado.<\/p>\n<p>En este contexto, los productores insistieron en la necesidad de aplicar pol\u00edticas adecuadas, tal como lo establece el Art\u00edculo 133 de la Ley de Desarrollo Rural Sustentable, que indica que \u201cel Gobierno Federal procurar\u00e1 apoyos que tendr\u00e1n como prop\u00f3sito compensar al productor y dem\u00e1s agentes de la sociedad rural por desastres naturales en regiones determinadas y eventuales contingencias de mercado\u201d.<\/p>\n<p>Ca\u00edda en la producci\u00f3n de trigo<br \/>\nSeg\u00fan datos del Servicio de Informaci\u00f3n Agroalimentaria y Pesquera (SIAP), la producci\u00f3n de trigo en Sonora se redujo en 23,877 toneladas en 2023, pasando de 2.1 millones toneladas en 2022 a 1.9 millones toneladas el a\u00f1o pasado. Las proyecciones para este a\u00f1o anticipan una reducci\u00f3n a\u00fan mayor, con una producci\u00f3n esperada de entre 1.2 y 1.5 millones de toneladas.<\/p>\n<p>Para enfrentar esta situaci\u00f3n, los productores han solicitado un precio de garant\u00eda de 7,050 pesos por tonelada para los trigos cristalino y harinero, y de 6,915 pesos por tonelada de ma\u00edz blanco, subrayaron que estos precios deben garantizarse para el total de las toneladas de la media regional de producci\u00f3n en Sonora y no solo para un sector, tal como establecen los programas oficiales de Segalmex.<\/p>\n<p>La carta dirigida al titular de la SADER tambi\u00e9n fue firmada por otras organizaciones como ARIC Tres Valles, Uni\u00f3n de Cr\u00e9dito Agr\u00edcola de Huatabampo (UCAH), Uni\u00f3n de Cr\u00e9dito Agropecuario e Industrial del Valle del Yaqui (UCAIVYSA), Uni\u00f3n de Cr\u00e9dito Agr\u00edcola del Yaqui (UCAY), Uni\u00f3n de Cr\u00e9dito Agr\u00edcola de Cajeme (UCAC), Uni\u00f3n de Cr\u00e9dito Agr\u00edcola del Mayo (UCAMAYO) y la Asociaci\u00f3n de Productores de Navojoa (APRONSA).<\/p>\n<p>Estos organismos reiteraron la urgencia de obtener los apoyos necesarios para garantizar la subsistencia econ\u00f3mica de los agricultores de Sonora y permitirles continuar con sus actividades productivas frente a los desaf\u00edos actuales del mercado.<\/p>\n","protected":false},"excerpt":{"rendered":"<p>Las asociaciones y organismos de productores del estado de Sonora, alertaron sobre la quiebra de varios agricultores en la regi\u00f3n debido a los bajos precios de los granos en el mercado internacional respecto al a\u00f1o pasado, seg\u00fan la Bolsa de Valores de Chicago, que est\u00e1n provocando ingresos insuficientes para la subsistencia de los productores. Representantes [&hellip;]<\/p>\n","protected":false},"author":1,"featured_media":34281,"comment_status":"open","ping_status":"closed","sticky":false,"template":"","format":"standard","meta":{"footnotes":""},"categories":[2],"tags":[],"class_list":["post-34279","post","type-post","status-publish","format-standard","has-post-thumbnail","hentry","category-nacional"],"_links":{"self":[{"href":"https:\/\/solidaridadnews.com\/index.php?rest_route=\/wp\/v2\/posts\/34279","targetHints":{"allow":["GET"]}}],"collection":[{"href":"https:\/\/solidaridadnews.com\/index.php?rest_route=\/wp\/v2\/posts"}],"about":[{"href":"https:\/\/solidaridadnews.com\/index.php?rest_route=\/wp\/v2\/types\/post"}],"author":[{"embeddable":true,"href":"https:\/\/solidaridadnews.com\/index.php?rest_route=\/wp\/v2\/users\/1"}],"replies":[{"embeddable":true,"href":"https:\/\/solidaridadnews.com\/index.php?rest_route=%2Fwp%2Fv2%2Fcomments&post=34279"}],"version-history":[{"count":1,"href":"https:\/\/solidaridadnews.com\/index.php?rest_route=\/wp\/v2\/posts\/34279\/revisions"}],"predecessor-version":[{"id":34280,"href":"https:\/\/solidaridadnews.com\/index.php?rest_route=\/wp\/v2\/posts\/34279\/revisions\/34280"}],"wp:featuredmedia":[{"embeddable":true,"href":"https:\/\/solidaridadnews.com\/index.php?rest_route=\/wp\/v2\/media\/34281"}],"wp:attachment":[{"href":"https:\/\/solidaridadnews.com\/index.php?rest_route=%2Fwp%2Fv2%2Fmedia&parent=34279"}],"wp:term":[{"taxonomy":"category","embeddable":true,"href":"https:\/\/solidaridadnews.com\/index.php?rest_route=%2Fwp%2Fv2%2Fcategories&post=34279"},{"taxonomy":"post_tag","embeddable":true,"href":"https:\/\/solidaridadnews.com\/index.php?rest_route=%2Fwp%2Fv2%2Ftags&post=34279"}],"curies":[{"name":"wp","href":"https:\/\/api.w.org\/{rel}","templated":true}]}}