{"id":34276,"date":"2024-07-11T12:15:59","date_gmt":"2024-07-11T17:15:59","guid":{"rendered":"https:\/\/solidaridadnews.com\/?p=34276"},"modified":"2024-07-11T17:16:00","modified_gmt":"2024-07-11T17:16:00","slug":"vandalizan-estrella-de-jenny-rivera-en-hollywood","status":"publish","type":"post","link":"https:\/\/solidaridadnews.com\/?p=34276","title":{"rendered":"Vandalizan estrella de Jenny Rivera en Hollywood"},"content":{"rendered":"<p>Fue apenas el pasado 27 de junio cuando la estrella de Jenni Rivera fue develada en el Paseo de la Fama de Hollywood con la presencia de la familia de la \u201cGran Se\u00f1ora\u201d como sus hijos Chiquis, Jacqie, Mikey, Jenicka y Johnny.<\/p>\n<p>A menos de un mes de este acontecimiento, ayer la efigie en honor a la cantante fue encontrada en un lamentable estado por fans que acudieron a visitarla y buscaban una fotograf\u00eda, sin embargo, la hallaron cubierta de pintura negra y cenizas.<\/p>\n<p>A trav\u00e9s de la cuenta de Instagram de Hollywood Walk of Fame, se compartieron fotograf\u00edas y videos en donde se observa estrella de la int\u00e9rprete tras ser da\u00f1ada, mientras un fan intenta eliminar las manchas de pintura.<\/p>\n<p>De acuerdo con Hollywood Walk of Fame, seguidores de Jenni Rivera informaron sobre la vandalizaci\u00f3n a la estrella, un acto que describieron como \u00abinaceptable\u00bb, en tanto, agradecieron a los fans por su esfuerzo en intentar limpiar y reparar los da\u00f1os.<\/p>\n<p>Al respecto, Chiquis, la hija mayor de la cantante, tambi\u00e9n coment\u00f3 en la publicaci\u00f3n de Instagram de Hollywood Walk of Fame, en donde expres\u00f3 su frustraci\u00f3n por lo sucedido y agradeci\u00f3 a los seguidores de su madre por dedicar su tiempo a ayudar en la restauraci\u00f3n de la estrella.<\/p>\n<p>Afortunadamente, la estrella no tard\u00f3 en ser restaurada, pues en otra publicaci\u00f3n del Hollywood Walk of Fame, se observa como recuper\u00f3 su brillo con la inscripci\u00f3n que indica que la estrella de Jenni Rivera ha sido devuelta a su estado \u00f3ptimo.<\/p>\n<p>Jenni Rivera muri\u00f3 tr\u00e1gicamente el 9 de diciembre de 2012 a los 43 a\u00f1os en Iturbide, Nuevo Le\u00f3n, cuando el avi\u00f3n en el que viajaba se estrell\u00f3, la cantante hubiera cumplido 55 a\u00f1os el pasado 2 de julio.<\/p>\n<p>&nbsp;<\/p>\n","protected":false},"excerpt":{"rendered":"<p>Fue apenas el pasado 27 de junio cuando la estrella de Jenni Rivera fue develada en el Paseo de la Fama de Hollywood con la presencia de la familia de la \u201cGran Se\u00f1ora\u201d como sus hijos Chiquis, Jacqie, Mikey, Jenicka y Johnny. A menos de un mes de este acontecimiento, ayer la efigie en honor [&hellip;]<\/p>\n","protected":false},"author":1,"featured_media":34278,"comment_status":"open","ping_status":"closed","sticky":false,"template":"","format":"standard","meta":{"footnotes":""},"categories":[3],"tags":[],"class_list":["post-34276","post","type-post","status-publish","format-standard","has-post-thumbnail","hentry","category-espectaculos"],"_links":{"self":[{"href":"https:\/\/solidaridadnews.com\/index.php?rest_route=\/wp\/v2\/posts\/34276","targetHints":{"allow":["GET"]}}],"collection":[{"href":"https:\/\/solidaridadnews.com\/index.php?rest_route=\/wp\/v2\/posts"}],"about":[{"href":"https:\/\/solidaridadnews.com\/index.php?rest_route=\/wp\/v2\/types\/post"}],"author":[{"embeddable":true,"href":"https:\/\/solidaridadnews.com\/index.php?rest_route=\/wp\/v2\/users\/1"}],"replies":[{"embeddable":true,"href":"https:\/\/solidaridadnews.com\/index.php?rest_route=%2Fwp%2Fv2%2Fcomments&post=34276"}],"version-history":[{"count":1,"href":"https:\/\/solidaridadnews.com\/index.php?rest_route=\/wp\/v2\/posts\/34276\/revisions"}],"predecessor-version":[{"id":34277,"href":"https:\/\/solidaridadnews.com\/index.php?rest_route=\/wp\/v2\/posts\/34276\/revisions\/34277"}],"wp:featuredmedia":[{"embeddable":true,"href":"https:\/\/solidaridadnews.com\/index.php?rest_route=\/wp\/v2\/media\/34278"}],"wp:attachment":[{"href":"https:\/\/solidaridadnews.com\/index.php?rest_route=%2Fwp%2Fv2%2Fmedia&parent=34276"}],"wp:term":[{"taxonomy":"category","embeddable":true,"href":"https:\/\/solidaridadnews.com\/index.php?rest_route=%2Fwp%2Fv2%2Fcategories&post=34276"},{"taxonomy":"post_tag","embeddable":true,"href":"https:\/\/solidaridadnews.com\/index.php?rest_route=%2Fwp%2Fv2%2Ftags&post=34276"}],"curies":[{"name":"wp","href":"https:\/\/api.w.org\/{rel}","templated":true}]}}