{"id":34243,"date":"2024-07-10T11:56:48","date_gmt":"2024-07-10T16:56:48","guid":{"rendered":"https:\/\/solidaridadnews.com\/?p=34243"},"modified":"2024-07-10T16:56:50","modified_gmt":"2024-07-10T16:56:50","slug":"el-mexicano-rodrigo-huescas-es-nuevo-jugador-del-fc-copenhague","status":"publish","type":"post","link":"https:\/\/solidaridadnews.com\/?p=34243","title":{"rendered":"El mexicano Rodrigo Huescas es nuevo jugador del FC Copenhague"},"content":{"rendered":"<h4>El FC Copenhague de Dinamarca anunci\u00f3 este martes al futbolista mexicano Rodrigo Huescas como su nuevo refuerzo<\/h4>\n<p>&nbsp;<\/p>\n<p>Por medio de un comunicado, el club dan\u00e9s inform\u00f3 que huescas firm\u00f3 un contrato de cinco a\u00f1os.<\/p>\n<p>\u201cTraemos a un jugador con potencial internacional que ha tenido un buen desempe\u00f1o en su liga nacional\u201d, afirm\u00f3 el director deportivo de la instituci\u00f3n Sune Smith-Nielsen.<\/p>\n<p>\u201cRodrigo tambi\u00e9n es un jugador que nuestro departamento de visores ha examinado de cerca y que creemos que encajar\u00e1 bien en nuestra forma de jugar\u201d, expuso.<\/p>\n<p>Huescas, de 20 a\u00f1os de edad, llega al F.C. Copenhague tras militar en el Cruz Azul, equipo en donde hizo su debut en el 2021 en la Liga MX y del cual no sali\u00f3 en buenos t\u00e9rminos y quien incluso anunci\u00f3 una demanda.<\/p>\n<p>\u201cTengo muchas ganas de dar el siguiente paso en mi carrera y la oportunidad de venir a Copenhague es fant\u00e1stica para m\u00ed\u201d, afirm\u00f3 el lateral mexicano.<\/p>\n<p>Cruz Azul entabl\u00f3 una demanda en contra quien resulte responsable por la salida de Huecas al futbol europeo.<\/p>\n<p>\u201cEl Cruz Azul no permitir\u00e1 que agencias externas, ni intermediarios y otros terceras con intereses personales perjudiquen su planeaci\u00f3n deportiva ni su patrimonio\u201d, expuso en un comunicado.<\/p>\n<p>\u201cAnte ello, el Club ha determinado ejercer acciones legales inmediatas en contra quienes resulten responsables toda vez que, a trav\u00e9s de los medios de comunicaci\u00f3n, se dio a conocer que el futbolista Rodrigo Huescas abandon\u00f3 el pa\u00eds con rumbo a incorporarse a un nuevo club de Europa\u201d, destac\u00f3.<\/p>\n","protected":false},"excerpt":{"rendered":"<p>El FC Copenhague de Dinamarca anunci\u00f3 este martes al futbolista mexicano Rodrigo Huescas como su nuevo refuerzo &nbsp; Por medio de un comunicado, el club dan\u00e9s inform\u00f3 que huescas firm\u00f3 un contrato de cinco a\u00f1os. \u201cTraemos a un jugador con potencial internacional que ha tenido un buen desempe\u00f1o en su liga nacional\u201d, afirm\u00f3 el director [&hellip;]<\/p>\n","protected":false},"author":1,"featured_media":34245,"comment_status":"open","ping_status":"closed","sticky":false,"template":"","format":"standard","meta":{"footnotes":""},"categories":[6],"tags":[],"class_list":["post-34243","post","type-post","status-publish","format-standard","has-post-thumbnail","hentry","category-deportes"],"_links":{"self":[{"href":"https:\/\/solidaridadnews.com\/index.php?rest_route=\/wp\/v2\/posts\/34243","targetHints":{"allow":["GET"]}}],"collection":[{"href":"https:\/\/solidaridadnews.com\/index.php?rest_route=\/wp\/v2\/posts"}],"about":[{"href":"https:\/\/solidaridadnews.com\/index.php?rest_route=\/wp\/v2\/types\/post"}],"author":[{"embeddable":true,"href":"https:\/\/solidaridadnews.com\/index.php?rest_route=\/wp\/v2\/users\/1"}],"replies":[{"embeddable":true,"href":"https:\/\/solidaridadnews.com\/index.php?rest_route=%2Fwp%2Fv2%2Fcomments&post=34243"}],"version-history":[{"count":1,"href":"https:\/\/solidaridadnews.com\/index.php?rest_route=\/wp\/v2\/posts\/34243\/revisions"}],"predecessor-version":[{"id":34244,"href":"https:\/\/solidaridadnews.com\/index.php?rest_route=\/wp\/v2\/posts\/34243\/revisions\/34244"}],"wp:featuredmedia":[{"embeddable":true,"href":"https:\/\/solidaridadnews.com\/index.php?rest_route=\/wp\/v2\/media\/34245"}],"wp:attachment":[{"href":"https:\/\/solidaridadnews.com\/index.php?rest_route=%2Fwp%2Fv2%2Fmedia&parent=34243"}],"wp:term":[{"taxonomy":"category","embeddable":true,"href":"https:\/\/solidaridadnews.com\/index.php?rest_route=%2Fwp%2Fv2%2Fcategories&post=34243"},{"taxonomy":"post_tag","embeddable":true,"href":"https:\/\/solidaridadnews.com\/index.php?rest_route=%2Fwp%2Fv2%2Ftags&post=34243"}],"curies":[{"name":"wp","href":"https:\/\/api.w.org\/{rel}","templated":true}]}}