{"id":34234,"date":"2024-07-10T11:46:34","date_gmt":"2024-07-10T16:46:34","guid":{"rendered":"https:\/\/solidaridadnews.com\/?p=34234"},"modified":"2024-07-10T16:46:35","modified_gmt":"2024-07-10T16:46:35","slug":"amlo-acusa-a-sus-adversarios-de-machismo-por-decir-que-influira-sobre-sheinbaum","status":"publish","type":"post","link":"https:\/\/solidaridadnews.com\/?p=34234","title":{"rendered":"AMLO acusa a sus adversarios de \u201cmachismo\u201d por decir que influir\u00e1 sobre Sheinbaum"},"content":{"rendered":"<p>El presidente mexicano, Andr\u00e9s Manuel L\u00f3pez Obrador, acus\u00f3 este mi\u00e9rcoles a sus \u201cadversarios\u201d de \u201cmachismo\u201d por decir que \u00e9l influir\u00e1 en el Gobierno de su sucesora, Claudia Sheinbaum, quien asumir\u00e1 el 1 de octubre.<\/p>\n<p>Nuestros adversarios, por machismo, porque no conocen a la presidenta electa, piensan que es una mujer susceptible a la manipulaci\u00f3n y que van a influir en ella, se equivocan. Claudia es una mujer con convicciones, con principios y con car\u00e1cter\u201d, declar\u00f3 el mandatario en su conferencia matutina.<\/p>\n<p>Tras la victoria de Sheinbaum en las elecciones del 2 de junio, en la que obtuvo un r\u00e9cord de casi 36 millones de votos, cerca del 60 por ciento del total, la oposici\u00f3n ha acusado a L\u00f3pez Obrador de imponerle una agenda pol\u00edtica y nombramientos en el gabinete.<\/p>\n<p>Pero el actual gobernante ha negado que busque influir, dar consejos o seguir gobernando detr\u00e1s de quien ser\u00e1 la primera mujer presidenta de M\u00e9xico.<\/p>\n<p>\u201cHay esa idea, (pero) no. A Claudia ya le podr\u00eda yo entregar (el Gobierno), nada m\u00e1s tiene que esperar a que termine, son dos meses y 20 d\u00edas o algo as\u00ed, pero ya tiene mucha experiencia, la verdad, fue lo mejor que le pudo haber pasado a nuestro pa\u00eds\u201d, coment\u00f3 ahora.<\/p>\n<p>Por otro lado, L\u00f3pez Obrador argument\u00f3 que no puede haber distanciamiento porque ambos fueron fundadores del Movimiento Regeneraci\u00f3n Nacional (Morena).<\/p>\n<p>Por ello, critic\u00f3 a la prensa por, seg\u00fan \u00e9l, reportar que hay diferencias pol\u00edticas entre ambos.<\/p>\n<p>\u201cBuscan amarrar navajas, que nos peleemos. \u00bfPero c\u00f3mo nos vamos a pelear? Si somos compa\u00f1eros, venimos del mismo movimiento, creamos juntos el movimiento, junto a millones de mexicanos\u201d, expres\u00f3.<\/p>\n<p>El presidente reiter\u00f3 su confianza en que Sheinbaum Pardo contin\u00fae con la agenda de desarrollo del actual Gobierno, por lo que afirm\u00f3 que \u00e9l podr\u00e1 retirarse con tranqulidad.<\/p>\n<p>\u201cS\u00e9 que ella tiene las dimensiones, es una giganta, y va a poder seguir impulsando el desarrollo con justicia en nuestro pa\u00eds, ya tiene sus proyectos, ya est\u00e1 terminando de integrar su equipo, muy bueno el equipo. Yo me voy muy contento, si no, no podr\u00eda estar tranquilo\u201d, termin\u00f3.<\/p>\n","protected":false},"excerpt":{"rendered":"<p>El presidente mexicano, Andr\u00e9s Manuel L\u00f3pez Obrador, acus\u00f3 este mi\u00e9rcoles a sus \u201cadversarios\u201d de \u201cmachismo\u201d por decir que \u00e9l influir\u00e1 en el Gobierno de su sucesora, Claudia Sheinbaum, quien asumir\u00e1 el 1 de octubre. Nuestros adversarios, por machismo, porque no conocen a la presidenta electa, piensan que es una mujer susceptible a la manipulaci\u00f3n y [&hellip;]<\/p>\n","protected":false},"author":1,"featured_media":34236,"comment_status":"open","ping_status":"closed","sticky":false,"template":"","format":"standard","meta":{"footnotes":""},"categories":[2],"tags":[],"class_list":["post-34234","post","type-post","status-publish","format-standard","has-post-thumbnail","hentry","category-nacional"],"_links":{"self":[{"href":"https:\/\/solidaridadnews.com\/index.php?rest_route=\/wp\/v2\/posts\/34234","targetHints":{"allow":["GET"]}}],"collection":[{"href":"https:\/\/solidaridadnews.com\/index.php?rest_route=\/wp\/v2\/posts"}],"about":[{"href":"https:\/\/solidaridadnews.com\/index.php?rest_route=\/wp\/v2\/types\/post"}],"author":[{"embeddable":true,"href":"https:\/\/solidaridadnews.com\/index.php?rest_route=\/wp\/v2\/users\/1"}],"replies":[{"embeddable":true,"href":"https:\/\/solidaridadnews.com\/index.php?rest_route=%2Fwp%2Fv2%2Fcomments&post=34234"}],"version-history":[{"count":1,"href":"https:\/\/solidaridadnews.com\/index.php?rest_route=\/wp\/v2\/posts\/34234\/revisions"}],"predecessor-version":[{"id":34235,"href":"https:\/\/solidaridadnews.com\/index.php?rest_route=\/wp\/v2\/posts\/34234\/revisions\/34235"}],"wp:featuredmedia":[{"embeddable":true,"href":"https:\/\/solidaridadnews.com\/index.php?rest_route=\/wp\/v2\/media\/34236"}],"wp:attachment":[{"href":"https:\/\/solidaridadnews.com\/index.php?rest_route=%2Fwp%2Fv2%2Fmedia&parent=34234"}],"wp:term":[{"taxonomy":"category","embeddable":true,"href":"https:\/\/solidaridadnews.com\/index.php?rest_route=%2Fwp%2Fv2%2Fcategories&post=34234"},{"taxonomy":"post_tag","embeddable":true,"href":"https:\/\/solidaridadnews.com\/index.php?rest_route=%2Fwp%2Fv2%2Ftags&post=34234"}],"curies":[{"name":"wp","href":"https:\/\/api.w.org\/{rel}","templated":true}]}}