{"id":34222,"date":"2024-07-09T12:11:39","date_gmt":"2024-07-09T17:11:39","guid":{"rendered":"https:\/\/solidaridadnews.com\/?p=34222"},"modified":"2024-07-09T17:11:40","modified_gmt":"2024-07-09T17:11:40","slug":"roban-anillo-de-bodas-a-lele-pons-en-paris","status":"publish","type":"post","link":"https:\/\/solidaridadnews.com\/?p=34222","title":{"rendered":"Roban anillo de bodas a Lele Pons en Par\u00eds"},"content":{"rendered":"<p>La \u2018influencer\u2019 Lele Pons denunci\u00f3 el robo de su anillo de bodas en Par\u00eds, Francia.<\/p>\n<p>A trav\u00e9s de su cuenta de Instagram la venezolana se dijo desconsolada porque ese anillo representa la uni\u00f3n con su esposo, el cantante Guaynaa.<\/p>\n<p>Lele Pons pidi\u00f3 a quien tenga informaci\u00f3n sobre la sortija comunicarse con ella.<\/p>\n<p>Por su parte, el cantante puertorrique\u00f1o exhort\u00f3 a cuidar mucho sus pertenencias al visitar Par\u00eds. \u201cNo conf\u00eden en nadie\u201d, advirti\u00f3.<\/p>\n<p>El anillo de bodas de mi esposa representaba tantas cosas hermosas para nosotros. No hay otra pieza que reemplace lo que simboliza para nosotros esa sortija y los hermosos y m\u00e1gicos momentos que nos hizo vivir\u201d, se\u00f1al\u00f3.<\/p>\n","protected":false},"excerpt":{"rendered":"<p>La \u2018influencer\u2019 Lele Pons denunci\u00f3 el robo de su anillo de bodas en Par\u00eds, Francia. A trav\u00e9s de su cuenta de Instagram la venezolana se dijo desconsolada porque ese anillo representa la uni\u00f3n con su esposo, el cantante Guaynaa. Lele Pons pidi\u00f3 a quien tenga informaci\u00f3n sobre la sortija comunicarse con ella. Por su parte, [&hellip;]<\/p>\n","protected":false},"author":1,"featured_media":34224,"comment_status":"open","ping_status":"closed","sticky":false,"template":"","format":"standard","meta":{"footnotes":""},"categories":[3],"tags":[],"class_list":["post-34222","post","type-post","status-publish","format-standard","has-post-thumbnail","hentry","category-espectaculos"],"_links":{"self":[{"href":"https:\/\/solidaridadnews.com\/index.php?rest_route=\/wp\/v2\/posts\/34222","targetHints":{"allow":["GET"]}}],"collection":[{"href":"https:\/\/solidaridadnews.com\/index.php?rest_route=\/wp\/v2\/posts"}],"about":[{"href":"https:\/\/solidaridadnews.com\/index.php?rest_route=\/wp\/v2\/types\/post"}],"author":[{"embeddable":true,"href":"https:\/\/solidaridadnews.com\/index.php?rest_route=\/wp\/v2\/users\/1"}],"replies":[{"embeddable":true,"href":"https:\/\/solidaridadnews.com\/index.php?rest_route=%2Fwp%2Fv2%2Fcomments&post=34222"}],"version-history":[{"count":1,"href":"https:\/\/solidaridadnews.com\/index.php?rest_route=\/wp\/v2\/posts\/34222\/revisions"}],"predecessor-version":[{"id":34223,"href":"https:\/\/solidaridadnews.com\/index.php?rest_route=\/wp\/v2\/posts\/34222\/revisions\/34223"}],"wp:featuredmedia":[{"embeddable":true,"href":"https:\/\/solidaridadnews.com\/index.php?rest_route=\/wp\/v2\/media\/34224"}],"wp:attachment":[{"href":"https:\/\/solidaridadnews.com\/index.php?rest_route=%2Fwp%2Fv2%2Fmedia&parent=34222"}],"wp:term":[{"taxonomy":"category","embeddable":true,"href":"https:\/\/solidaridadnews.com\/index.php?rest_route=%2Fwp%2Fv2%2Fcategories&post=34222"},{"taxonomy":"post_tag","embeddable":true,"href":"https:\/\/solidaridadnews.com\/index.php?rest_route=%2Fwp%2Fv2%2Ftags&post=34222"}],"curies":[{"name":"wp","href":"https:\/\/api.w.org\/{rel}","templated":true}]}}