{"id":34213,"date":"2024-07-09T11:35:10","date_gmt":"2024-07-09T16:35:10","guid":{"rendered":"https:\/\/solidaridadnews.com\/?p=34213"},"modified":"2024-07-09T16:35:11","modified_gmt":"2024-07-09T16:35:11","slug":"muere-futbolista-egipcio-tras-sufrir-infarto-en-pleno-partido","status":"publish","type":"post","link":"https:\/\/solidaridadnews.com\/?p=34213","title":{"rendered":"Muere futbolista egipcio tras sufrir infarto en pleno partido"},"content":{"rendered":"<p>El futbolista egipcio Ahmed Refaat, delantero del Modern Future de la Primera Divisi\u00f3n de Egipto, falleci\u00f3 el s\u00e1bado a los 31 a\u00f1os debido al \u00abfuerte deterioro de su estado de salud\u00bb, despu\u00e9s de que en marzo sufriera un paro card\u00edaco de m\u00e1s de una hora durante un partido de liga.<\/p>\n<p>\u00abEl Modern Future FC anuncia el fallecimiento de Ahmed Refaat, jugador del primer equipo y de la selecci\u00f3n egipcia, como consecuencia de un fuerte deterioro de su estado de salud\u00bb, dijo el club en un comunicado, que record\u00f3 que el delantero sufr\u00eda \u00abuna crisis de salud\u00bb desde el incidente en el terreno de juego el pasado 11 de marzo.<\/p>\n<p>El club no ofreci\u00f3 m\u00e1s detalles sobre las circunstancias de la muerte de Refaat, quien en marzo fue hospitalizado en una unidad de cuidados intensivos tras sufrir un paro card\u00edaco de m\u00e1s de una hora durante un partido de la liga dom\u00e9stica.<\/p>\n<p>El futbolista se desplom\u00f3 en el minuto 88 del encuentro entre el Modern Future y el Al-ttihad de Alejandr\u00eda, un partido en el que Refaat hab\u00eda entrado en el minuto 60 para sustituir a un compa\u00f1ero.<\/p>\n<p>El \u00e1rbitro suspendi\u00f3 el juego y el delantero fue ingresado en el hospital Zamzam, cercano al estadio, donde finalmente fue reanimado tras m\u00faltiples intentos fallidos.<\/p>\n<p>Refaat fue dado de alta el 11 de abril, un mes despu\u00e9s, y desde entonces continu\u00f3 recibiendo tratamiento y usando un marcapasos.<\/p>\n<p>El futbolista militaba en las filas del Modern Future desde octubre de 2021 y la temporada pasada anot\u00f3 un total de nueve goles en 29 apariciones, mientras que tambi\u00e9n debut\u00f3 con la selecci\u00f3n egipcia en 2021, con la que disput\u00f3 cinco partidos.<\/p>\n","protected":false},"excerpt":{"rendered":"<p>El futbolista egipcio Ahmed Refaat, delantero del Modern Future de la Primera Divisi\u00f3n de Egipto, falleci\u00f3 el s\u00e1bado a los 31 a\u00f1os debido al \u00abfuerte deterioro de su estado de salud\u00bb, despu\u00e9s de que en marzo sufriera un paro card\u00edaco de m\u00e1s de una hora durante un partido de liga. \u00abEl Modern Future FC anuncia [&hellip;]<\/p>\n","protected":false},"author":1,"featured_media":34215,"comment_status":"open","ping_status":"closed","sticky":false,"template":"","format":"standard","meta":{"footnotes":""},"categories":[6],"tags":[],"class_list":["post-34213","post","type-post","status-publish","format-standard","has-post-thumbnail","hentry","category-deportes"],"_links":{"self":[{"href":"https:\/\/solidaridadnews.com\/index.php?rest_route=\/wp\/v2\/posts\/34213","targetHints":{"allow":["GET"]}}],"collection":[{"href":"https:\/\/solidaridadnews.com\/index.php?rest_route=\/wp\/v2\/posts"}],"about":[{"href":"https:\/\/solidaridadnews.com\/index.php?rest_route=\/wp\/v2\/types\/post"}],"author":[{"embeddable":true,"href":"https:\/\/solidaridadnews.com\/index.php?rest_route=\/wp\/v2\/users\/1"}],"replies":[{"embeddable":true,"href":"https:\/\/solidaridadnews.com\/index.php?rest_route=%2Fwp%2Fv2%2Fcomments&post=34213"}],"version-history":[{"count":1,"href":"https:\/\/solidaridadnews.com\/index.php?rest_route=\/wp\/v2\/posts\/34213\/revisions"}],"predecessor-version":[{"id":34214,"href":"https:\/\/solidaridadnews.com\/index.php?rest_route=\/wp\/v2\/posts\/34213\/revisions\/34214"}],"wp:featuredmedia":[{"embeddable":true,"href":"https:\/\/solidaridadnews.com\/index.php?rest_route=\/wp\/v2\/media\/34215"}],"wp:attachment":[{"href":"https:\/\/solidaridadnews.com\/index.php?rest_route=%2Fwp%2Fv2%2Fmedia&parent=34213"}],"wp:term":[{"taxonomy":"category","embeddable":true,"href":"https:\/\/solidaridadnews.com\/index.php?rest_route=%2Fwp%2Fv2%2Fcategories&post=34213"},{"taxonomy":"post_tag","embeddable":true,"href":"https:\/\/solidaridadnews.com\/index.php?rest_route=%2Fwp%2Fv2%2Ftags&post=34213"}],"curies":[{"name":"wp","href":"https:\/\/api.w.org\/{rel}","templated":true}]}}