{"id":34204,"date":"2024-07-08T16:37:08","date_gmt":"2024-07-08T21:37:08","guid":{"rendered":"https:\/\/solidaridadnews.com\/?p=34204"},"modified":"2024-07-08T21:37:09","modified_gmt":"2024-07-08T21:37:09","slug":"tradicion-cultura-y-danza-anuncian-las-celebraciones-de-la-guelaguetza-2024","status":"publish","type":"post","link":"https:\/\/solidaridadnews.com\/?p=34204","title":{"rendered":"Tradici\u00f3n, cultura y danza anuncian las celebraciones de la Guelaguetza 2024"},"content":{"rendered":"<h4>Se llev\u00f3 a cabo la segunda presentaci\u00f3n de Expresiones Art\u00edsticas y Culturales<\/h4>\n<p>La Alameda de Le\u00f3n se llen\u00f3 de colores, m\u00fasica y danza con la segunda presentaci\u00f3n del programa Expresiones Art\u00edsticas y Culturales, en el que siete delegaciones oaxaque\u00f1as compartieron su cultura y tradici\u00f3n para anunciar las celebraciones de la Guelaguetza 2024.<\/p>\n<p>La actividad organizada por la Secretar\u00eda de Interculturalidad, Pueblos y Comunidades Ind\u00edgenas y Afromexicanas (SIPCIA), comenz\u00f3 en punto de las 17:00 horas con un convite que parti\u00f3 del Templo del Ex Marquesado hasta llegar a la calle Doctor Aurelio Valdivieso.<\/p>\n<p>Ante cientos de espectadores locales, nacionales y extranjeros, la titular de SIPCIA, Berta Ruth Arreola Ruiz se\u00f1al\u00f3 que este programa -que forma parte de las actividades de Julio, Mes de la Guelaguetza- es una celebraci\u00f3n de y para los pueblos, as\u00ed como la mayor expresi\u00f3n de la interculturalidad y diversidad que posee la entidad.<\/p>\n<p>\u201cPor segunda ocasi\u00f3n presentamos Expresiones Art\u00edsticas y Culturales, para dar un justo reconocimiento a todas y cada una de las delegaciones que se postularon para participar en los Lunes del Cerro y que por cuestiones m\u00ednimas no fueron convocadas\u201d, manifest\u00f3.<\/p>\n<p>De la cultura mestiza particip\u00f3 Trinidad de las Huertas; de la zapoteca Santa Catarina Cuixtla, San Pedro Ixtlahuaca y Santa Ana Zegache; de la chinanteca Loma Bonita Tuxtepec; de la mixteca Asunci\u00f3n Nochixtl\u00e1n y de la afromexicana Collantes.<\/p>\n<p>A trav\u00e9s de esta actividad, el Gobierno del Estado de Oaxaca reconoce el papel de los pueblos y comunidades ind\u00edgenas y afromexicanas como verdaderos protagonistas de la Guelaguetza.<\/p>\n","protected":false},"excerpt":{"rendered":"<p>Se llev\u00f3 a cabo la segunda presentaci\u00f3n de Expresiones Art\u00edsticas y Culturales La Alameda de Le\u00f3n se llen\u00f3 de colores, m\u00fasica y danza con la segunda presentaci\u00f3n del programa Expresiones Art\u00edsticas y Culturales, en el que siete delegaciones oaxaque\u00f1as compartieron su cultura y tradici\u00f3n para anunciar las celebraciones de la Guelaguetza 2024. La actividad organizada [&hellip;]<\/p>\n","protected":false},"author":1,"featured_media":34206,"comment_status":"open","ping_status":"closed","sticky":false,"template":"","format":"standard","meta":{"footnotes":""},"categories":[2,18],"tags":[],"class_list":["post-34204","post","type-post","status-publish","format-standard","has-post-thumbnail","hentry","category-nacional","category-oaxaca"],"_links":{"self":[{"href":"https:\/\/solidaridadnews.com\/index.php?rest_route=\/wp\/v2\/posts\/34204","targetHints":{"allow":["GET"]}}],"collection":[{"href":"https:\/\/solidaridadnews.com\/index.php?rest_route=\/wp\/v2\/posts"}],"about":[{"href":"https:\/\/solidaridadnews.com\/index.php?rest_route=\/wp\/v2\/types\/post"}],"author":[{"embeddable":true,"href":"https:\/\/solidaridadnews.com\/index.php?rest_route=\/wp\/v2\/users\/1"}],"replies":[{"embeddable":true,"href":"https:\/\/solidaridadnews.com\/index.php?rest_route=%2Fwp%2Fv2%2Fcomments&post=34204"}],"version-history":[{"count":1,"href":"https:\/\/solidaridadnews.com\/index.php?rest_route=\/wp\/v2\/posts\/34204\/revisions"}],"predecessor-version":[{"id":34205,"href":"https:\/\/solidaridadnews.com\/index.php?rest_route=\/wp\/v2\/posts\/34204\/revisions\/34205"}],"wp:featuredmedia":[{"embeddable":true,"href":"https:\/\/solidaridadnews.com\/index.php?rest_route=\/wp\/v2\/media\/34206"}],"wp:attachment":[{"href":"https:\/\/solidaridadnews.com\/index.php?rest_route=%2Fwp%2Fv2%2Fmedia&parent=34204"}],"wp:term":[{"taxonomy":"category","embeddable":true,"href":"https:\/\/solidaridadnews.com\/index.php?rest_route=%2Fwp%2Fv2%2Fcategories&post=34204"},{"taxonomy":"post_tag","embeddable":true,"href":"https:\/\/solidaridadnews.com\/index.php?rest_route=%2Fwp%2Fv2%2Ftags&post=34204"}],"curies":[{"name":"wp","href":"https:\/\/api.w.org\/{rel}","templated":true}]}}