{"id":34198,"date":"2024-07-08T16:33:04","date_gmt":"2024-07-08T21:33:04","guid":{"rendered":"https:\/\/solidaridadnews.com\/?p=34198"},"modified":"2024-07-08T21:33:05","modified_gmt":"2024-07-08T21:33:05","slug":"ximena-sarinana-se-presentara-en-la-fiesta-de-nuestra-senora-del-carmen-de-teziutlan","status":"publish","type":"post","link":"https:\/\/solidaridadnews.com\/?p=34198","title":{"rendered":"Ximena Sari\u00f1ana se presentar\u00e1 en la Fiesta de Nuestra Se\u00f1ora del Carmen, de Teziutl\u00e1n"},"content":{"rendered":"<h4>Las festividades se realizar\u00e1n del 8 al 14 de julio, con el objetivo de que los visitantes visitantes conozcan la cultura, gastronom\u00eda y naturaleza del municipio.<\/h4>\n<p>La mayor\u00eda de los eventos cuentan con un ambiente familiar para que locales y visitantes disfruten una semana muy divertida con sus seres queridos.<\/p>\n<p>Aunque el evento m\u00e1s esperado es el concierto de Ximena Sari\u00f1ana, entre las actividades que habr\u00e1 en Puebla del 8 al 14 de julio tambi\u00e9n destacan otras cosas.<\/p>\n<p>Todo inici\u00f3 con la Fiesta de Nuestra Se\u00f1ora del Carmen que se lleva a cabo del 06 al 17 de julio en el Pueblo M\u00e1gico de Teziutl\u00e1n.<\/p>\n<p>Esta celebraci\u00f3n religiosa tiene como objetivo que los visitantes conozcan la cultura, gastronom\u00eda y naturaleza del municipio, adem\u00e1s que se contemplan varias actividades.<\/p>\n<p>De acuerdo con autoridades, en este periodo se prev\u00e9 que m\u00e1s de 45 mil turistas lleguen al municipio, lo que podr\u00eda generar una derrama econ\u00f3mica de seis millones de pesos.<\/p>\n<p>Aprovechando tu visita a este Pueblo M\u00e1gico, podr\u00e1s visitar el Centro Cultural Ferrocarrilero, Casa de Cultura, el bosque de bamb\u00fa, cascadas y m\u00e1s atractivos de la regi\u00f3n.<\/p>\n<p>Para mayor informaci\u00f3n de la Fiesta de Nuestra Se\u00f1ora del Carmen, puedes ingresar al Facebook oficial del Gobierno de Teziutl\u00e1n.<\/p>\n<p>Otro de los eventos m\u00e1s esperados es la Feria 2024 del Pueblo M\u00e1gico de Atlixco que se realizar\u00e1 del 13 al 21 de abril.<\/p>\n<p>Aqu\u00ed sobresale el concierto que ofrecer\u00e1 Ximena Sari\u00f1ana el pr\u00f3ximo s\u00e1bado 13 de julio, pero tambi\u00e9n estar\u00e1 el grupo Los Yaguaru el domingo 14 de julio.<\/p>\n<p>Toma en cuenta que estos conciertos se realizar\u00e1n en el centro de convenciones y el precio de los boletos es de 50 pesos el general y 350 el preferente.<\/p>\n<p>Cabe mencionar que esta edici\u00f3n contar\u00e1 con juegos mec\u00e1nicos, \u00e1reas comerciales y espacios para que toda la familia disfrute de un momento agradable.<\/p>\n<p>Para saber que otros artistas estar\u00e1n en la feria de este Pueblo M\u00e1gico, te recomendamos ingresar a la p\u00e1gina oficial del Ayuntamiento de Atlixco<\/p>\n<p>Las vacaciones est\u00e1n muy cerca, por este motivo en REVISTA RAYAS nos dimos a la tarea de buscar los mejores cursos de verano para que los peque\u00f1os disfruten al m\u00e1ximo este periodo.<\/p>\n<p>La mayor\u00eda de estos cursos inician actividades a partir del 14 de julio. Adem\u00e1s, tienen una duraci\u00f3n de cuatro semanas o puedes pagar las semanas que necesites.<\/p>\n<p>El nombre de los lugares que te recomendamos es: Talleres de Letras, colas y acentos, Cursos Acuario Michin, Mathlingualcenter y Talleres BUAP.<\/p>\n","protected":false},"excerpt":{"rendered":"<p>Las festividades se realizar\u00e1n del 8 al 14 de julio, con el objetivo de que los visitantes visitantes conozcan la cultura, gastronom\u00eda y naturaleza del municipio. La mayor\u00eda de los eventos cuentan con un ambiente familiar para que locales y visitantes disfruten una semana muy divertida con sus seres queridos. Aunque el evento m\u00e1s esperado [&hellip;]<\/p>\n","protected":false},"author":1,"featured_media":34200,"comment_status":"open","ping_status":"closed","sticky":false,"template":"","format":"standard","meta":{"footnotes":""},"categories":[3],"tags":[],"class_list":["post-34198","post","type-post","status-publish","format-standard","has-post-thumbnail","hentry","category-espectaculos"],"_links":{"self":[{"href":"https:\/\/solidaridadnews.com\/index.php?rest_route=\/wp\/v2\/posts\/34198","targetHints":{"allow":["GET"]}}],"collection":[{"href":"https:\/\/solidaridadnews.com\/index.php?rest_route=\/wp\/v2\/posts"}],"about":[{"href":"https:\/\/solidaridadnews.com\/index.php?rest_route=\/wp\/v2\/types\/post"}],"author":[{"embeddable":true,"href":"https:\/\/solidaridadnews.com\/index.php?rest_route=\/wp\/v2\/users\/1"}],"replies":[{"embeddable":true,"href":"https:\/\/solidaridadnews.com\/index.php?rest_route=%2Fwp%2Fv2%2Fcomments&post=34198"}],"version-history":[{"count":1,"href":"https:\/\/solidaridadnews.com\/index.php?rest_route=\/wp\/v2\/posts\/34198\/revisions"}],"predecessor-version":[{"id":34199,"href":"https:\/\/solidaridadnews.com\/index.php?rest_route=\/wp\/v2\/posts\/34198\/revisions\/34199"}],"wp:featuredmedia":[{"embeddable":true,"href":"https:\/\/solidaridadnews.com\/index.php?rest_route=\/wp\/v2\/media\/34200"}],"wp:attachment":[{"href":"https:\/\/solidaridadnews.com\/index.php?rest_route=%2Fwp%2Fv2%2Fmedia&parent=34198"}],"wp:term":[{"taxonomy":"category","embeddable":true,"href":"https:\/\/solidaridadnews.com\/index.php?rest_route=%2Fwp%2Fv2%2Fcategories&post=34198"},{"taxonomy":"post_tag","embeddable":true,"href":"https:\/\/solidaridadnews.com\/index.php?rest_route=%2Fwp%2Fv2%2Ftags&post=34198"}],"curies":[{"name":"wp","href":"https:\/\/api.w.org\/{rel}","templated":true}]}}