{"id":34189,"date":"2024-07-07T16:57:30","date_gmt":"2024-07-07T21:57:30","guid":{"rendered":"https:\/\/solidaridadnews.com\/?p=34189"},"modified":"2024-07-07T21:57:31","modified_gmt":"2024-07-07T21:57:31","slug":"beryl-cfe-restablece-suministro-electrico-y-se-normalizan-vuelos-tras-paso-de-huracan-por-quintana-roo","status":"publish","type":"post","link":"https:\/\/solidaridadnews.com\/?p=34189","title":{"rendered":"Beryl: CFE restablece suministro el\u00e9ctrico y se normalizan vuelos tras paso de hurac\u00e1n por Quintana Roo"},"content":{"rendered":"<p>Durante este fin de semana qued\u00f3 restablecido el servicio para el casi medio mill\u00f3n de usuarios, asegur\u00f3 la CFE.<\/p>\n<p>Canc\u00fan, QRoo.- Un informe de la Comisi\u00f3n Federal de Electricidad tras el paso del hurac\u00e1n Beryl por la pen\u00ednsula de Yucat\u00e1n establece que en los tres estados de la pen\u00ednsula fueron afectados 432,992 usuarios, de los cuales, 213,541 fueron de Quintana Roo.<\/p>\n<p>Durante este fin de semana qued\u00f3 restablecido el servicio para el casi medio mill\u00f3n de usuarios, asegur\u00f3 la CFE.<\/p>\n<p>Seg\u00fan el reporte, se logr\u00f3 restablecer el suministro el\u00e9ctrico a la normalidad en una plazo final de 29 horas, despu\u00e9s del impacto de Beryl.<\/p>\n<p>En Tulum, el municipio donde toc\u00f3 tierra el hurac\u00e1n, fueron 17 zonas las que sufrieron graves da\u00f1os en el tendido el\u00e9ctrico, aunque tambi\u00e9n quedaron reparados.<\/p>\n<p>En este caso en particular los cortes se debieron a la ca\u00edda de por lo menos ocho postes de luz sobre la carretera 307 entre Playa del Carmen y Tulum, los cuales comenzaron a ser reparados desde la ma\u00f1ana del pasado viernes 5 de julio, apenas dos horas despu\u00e9s del impacto del hurac\u00e1n.<\/p>\n<p>Desactivan albergues<br \/>\nAdem\u00e1s de la restauraci\u00f3n del suministro el\u00e9ctrico el gobierno de Quintana Roo inform\u00f3 que fueron ya desactivados los refugios que se instalaron en todo el estado, principalmente en Tulum, donde m\u00e1s de 2,000 personas fueron albergadas la madrugada del pasado viernes, incluidos trabajadores del Tren Maya, durante el paso del hurac\u00e1n.<\/p>\n<p>Por su parte, la gobernadora Mara Lezama, realiz\u00f3 este fin de semana sobrevuelos por todo el estado de Quintana Roo para verificar desde el aire las condiciones en las que se encuentran, no solo las ciudades, sino tambi\u00e9n las localidades rurales m\u00e1s alejadas.<\/p>\n<p>El saldo de vuelos cancelados en el Aeropuerto Internacional de Canc\u00fan fueron 384 entre el jueves y viernes de la semana pasada, sin embargo, a las pocas horas de pasado el hurac\u00e1n la actividad a\u00e9rea se normaliz\u00f3.<\/p>\n<p>En tanto, Hoteleros del sur del estado anunciaron que gestionar\u00e1n ante el Consejo Coordinador Empresarial (CPTQ) que se intensifiquen los planes de promoci\u00f3n del destino para disipar cualquier imagen negativa que se haya generado por el impacto del hurac\u00e1n Beryl.<\/p>\n<p>El dirigente de la hoteler\u00eda organizada, Ra\u00fal Andrade, explic\u00f3 que el \u201cerr\u00e1tico recorrido que mantuvo el hurac\u00e1n propici\u00f3 que a nivel internacional y nacional el nombre de la ciudad capital, as\u00ed como de Bacalar y Mahahual, se mantuviera como el punto de impacto, lo que nos provoc\u00f3 cientos de cancelaciones; sin embargo, finalmente, vimos que el hurac\u00e1n golpe\u00f3 la parte centro norte, m\u00e1s cercano a Tulum.<\/p>\n<p>Se\u00f1al\u00f3 que el CPTQ manten\u00eda una estrategia de promoci\u00f3n para la zona sur en las diferentes ferias internacionales y nacionales, as\u00ed como en forma muy precisa en el vecino pa\u00eds de Belice, por lo que \u201cles solicitar\u00e1n que \u00e9sta se intensifique.<\/p>\n<p>Por su parte, Esteban Mera, presidente de la Canirac Chetumal, aplaudi\u00f3 la r\u00e1pida respuesta de las autoridades estatales que encabeza la gobernadora Mara Lezama para reactivar las actividades y levantar la ley seca<\/p>\n<p>\u201cFue muy afortunada la r\u00e1pida respuesta de las autoridades estatales que encabeza la gobernadora Mara Lezama para reactivar las actividades y levantar la ley seca, las afectaciones fueron m\u00ednimas en esta ocasi\u00f3n\u201d, dijo.<\/p>\n","protected":false},"excerpt":{"rendered":"<p>Durante este fin de semana qued\u00f3 restablecido el servicio para el casi medio mill\u00f3n de usuarios, asegur\u00f3 la CFE. Canc\u00fan, QRoo.- Un informe de la Comisi\u00f3n Federal de Electricidad tras el paso del hurac\u00e1n Beryl por la pen\u00ednsula de Yucat\u00e1n establece que en los tres estados de la pen\u00ednsula fueron afectados 432,992 usuarios, de los [&hellip;]<\/p>\n","protected":false},"author":1,"featured_media":34191,"comment_status":"open","ping_status":"closed","sticky":false,"template":"","format":"standard","meta":{"footnotes":""},"categories":[4,5],"tags":[],"class_list":["post-34189","post","type-post","status-publish","format-standard","has-post-thumbnail","hentry","category-local","category-quintana-roo"],"_links":{"self":[{"href":"https:\/\/solidaridadnews.com\/index.php?rest_route=\/wp\/v2\/posts\/34189","targetHints":{"allow":["GET"]}}],"collection":[{"href":"https:\/\/solidaridadnews.com\/index.php?rest_route=\/wp\/v2\/posts"}],"about":[{"href":"https:\/\/solidaridadnews.com\/index.php?rest_route=\/wp\/v2\/types\/post"}],"author":[{"embeddable":true,"href":"https:\/\/solidaridadnews.com\/index.php?rest_route=\/wp\/v2\/users\/1"}],"replies":[{"embeddable":true,"href":"https:\/\/solidaridadnews.com\/index.php?rest_route=%2Fwp%2Fv2%2Fcomments&post=34189"}],"version-history":[{"count":1,"href":"https:\/\/solidaridadnews.com\/index.php?rest_route=\/wp\/v2\/posts\/34189\/revisions"}],"predecessor-version":[{"id":34190,"href":"https:\/\/solidaridadnews.com\/index.php?rest_route=\/wp\/v2\/posts\/34189\/revisions\/34190"}],"wp:featuredmedia":[{"embeddable":true,"href":"https:\/\/solidaridadnews.com\/index.php?rest_route=\/wp\/v2\/media\/34191"}],"wp:attachment":[{"href":"https:\/\/solidaridadnews.com\/index.php?rest_route=%2Fwp%2Fv2%2Fmedia&parent=34189"}],"wp:term":[{"taxonomy":"category","embeddable":true,"href":"https:\/\/solidaridadnews.com\/index.php?rest_route=%2Fwp%2Fv2%2Fcategories&post=34189"},{"taxonomy":"post_tag","embeddable":true,"href":"https:\/\/solidaridadnews.com\/index.php?rest_route=%2Fwp%2Fv2%2Ftags&post=34189"}],"curies":[{"name":"wp","href":"https:\/\/api.w.org\/{rel}","templated":true}]}}