{"id":34186,"date":"2024-07-07T16:54:51","date_gmt":"2024-07-07T21:54:51","guid":{"rendered":"https:\/\/solidaridadnews.com\/?p=34186"},"modified":"2024-07-07T21:54:52","modified_gmt":"2024-07-07T21:54:52","slug":"pedro-sola-explota-contra-un-reportero-para-evitar-entrevista","status":"publish","type":"post","link":"https:\/\/solidaridadnews.com\/?p=34186","title":{"rendered":"Pedro Sola explota contra un reportero para evitar entrevista"},"content":{"rendered":"<p>Pedro Sola es uno de los conductores m\u00e1s directos, quien ya no tiene filtros, lo que le ha provocado meterse en problemas con famosos como Christian Ch\u00e1vez de RBD y Christian Nodal, a quien recientemente critic\u00f3 por su color de piel.<\/p>\n<p>Sin embargo, el conductor tiene muchos fans y personas que lo siguen por eso mismo, pero recientemente, demostr\u00f3 nuevamente la poca paciencia que tiene en algunas ocasiones, pues su actitud con un reportero desat\u00f3 cr\u00edticas en redes sociales.<\/p>\n<p>As\u00ed reaccion\u00f3 Pedro Sola con un reportero<br \/>\nFue a trav\u00e9s del canal de YouTube de Berenice Ortiz donde se comparti\u00f3 el video de Pedro Sola en la calle este s\u00e1bado y fue abordado por la prensa que se encontraba en el mismo sitio.<\/p>\n<p>Sin embargo, al conductor parece no haberle gustado la presencia de los reporteros y uno de ellos le pregunt\u00f3 directamente sobre un tema relacionado con \u00abVentaneando\u00bb lo cual, caus\u00f3 su enojo.<\/p>\n<p>Y es que en su urgencia por evitar los cuestionamientos y sin mediar palabra antes del ataque, el conductor empuj\u00f3 el micr\u00f3fono del reportero y le dijo:<\/p>\n<p>\u00a1D\u00e9jame en paz!\u00bb<\/p>\n<p>Aunque despu\u00e9s del inc\u00f3modo momento, Pedro se tom\u00f3 una foto con una fan, Pedro Sola sigui\u00f3 ignorando a la prensa y a pesar de que los ten\u00eda enfrente no dijo algo m\u00e1s, se cruz\u00f3 de brazos y s\u00f3lo suspir\u00f3, actuando como si no estuvieran ah\u00ed.<\/p>\n<p>Usuarios critican la actitud de Pedro Sola<br \/>\nSi bien el conductor no fue agresivo como se ha visto serlo a famosos como Eduardo Y\u00e1nez y la seguridad de cantantes como Paulina Rubio, fue notoria la molestia de Pedrito Sola con reporteros que estaban haciendo su trabajo.<\/p>\n<p>De este modo, usuarios de redes sociales llenaron el video de comentarios como:<\/p>\n<p>\u00abA M\u00cd ESE SE\u00d1OR NUNCA ME HA CA\u00cdDO BIEN. EL VIVE DEL CHISME Y AHORA SE HACE MUY PREPOTENTE.\u00bb<br \/>\n\u00abEs muy grosero hasta en los comentarios en el programa\u00bb<br \/>\n\u00abTanto como aventar el micr\u00f3fono No.\u00bb<br \/>\n\u00abViejo grosero\u00bb<br \/>\n\u00abASHHHH!!!!. PERO EL TRABAJA PARA UN MEDIO DE COMUNICACI\u00d3N, C\u00d3MO ES POSIBLE QUE SE PORTE AS\u00cd\u00bb<\/p>\n","protected":false},"excerpt":{"rendered":"<p>Pedro Sola es uno de los conductores m\u00e1s directos, quien ya no tiene filtros, lo que le ha provocado meterse en problemas con famosos como Christian Ch\u00e1vez de RBD y Christian Nodal, a quien recientemente critic\u00f3 por su color de piel. Sin embargo, el conductor tiene muchos fans y personas que lo siguen por eso [&hellip;]<\/p>\n","protected":false},"author":1,"featured_media":34188,"comment_status":"open","ping_status":"closed","sticky":false,"template":"","format":"standard","meta":{"footnotes":""},"categories":[3],"tags":[],"class_list":["post-34186","post","type-post","status-publish","format-standard","has-post-thumbnail","hentry","category-espectaculos"],"_links":{"self":[{"href":"https:\/\/solidaridadnews.com\/index.php?rest_route=\/wp\/v2\/posts\/34186","targetHints":{"allow":["GET"]}}],"collection":[{"href":"https:\/\/solidaridadnews.com\/index.php?rest_route=\/wp\/v2\/posts"}],"about":[{"href":"https:\/\/solidaridadnews.com\/index.php?rest_route=\/wp\/v2\/types\/post"}],"author":[{"embeddable":true,"href":"https:\/\/solidaridadnews.com\/index.php?rest_route=\/wp\/v2\/users\/1"}],"replies":[{"embeddable":true,"href":"https:\/\/solidaridadnews.com\/index.php?rest_route=%2Fwp%2Fv2%2Fcomments&post=34186"}],"version-history":[{"count":1,"href":"https:\/\/solidaridadnews.com\/index.php?rest_route=\/wp\/v2\/posts\/34186\/revisions"}],"predecessor-version":[{"id":34187,"href":"https:\/\/solidaridadnews.com\/index.php?rest_route=\/wp\/v2\/posts\/34186\/revisions\/34187"}],"wp:featuredmedia":[{"embeddable":true,"href":"https:\/\/solidaridadnews.com\/index.php?rest_route=\/wp\/v2\/media\/34188"}],"wp:attachment":[{"href":"https:\/\/solidaridadnews.com\/index.php?rest_route=%2Fwp%2Fv2%2Fmedia&parent=34186"}],"wp:term":[{"taxonomy":"category","embeddable":true,"href":"https:\/\/solidaridadnews.com\/index.php?rest_route=%2Fwp%2Fv2%2Fcategories&post=34186"},{"taxonomy":"post_tag","embeddable":true,"href":"https:\/\/solidaridadnews.com\/index.php?rest_route=%2Fwp%2Fv2%2Ftags&post=34186"}],"curies":[{"name":"wp","href":"https:\/\/api.w.org\/{rel}","templated":true}]}}