{"id":34171,"date":"2024-07-06T17:00:11","date_gmt":"2024-07-06T22:00:11","guid":{"rendered":"https:\/\/solidaridadnews.com\/?p=34171"},"modified":"2024-07-06T22:00:12","modified_gmt":"2024-07-06T22:00:12","slug":"karla-souza-se-mofa-de-su-ex-novio-que-no-queria-que-fuera-actriz-el-juraba-que-yo-no-iba-a-poder","status":"publish","type":"post","link":"https:\/\/solidaridadnews.com\/?p=34171","title":{"rendered":"Karla Souza se mofa de su ex novio que no quer\u00eda que fuera actriz: \u00abel juraba que yo no iba a poder\u00bb"},"content":{"rendered":"<h4>La actriz demostr\u00f3 que, pese a los malos comentarios de su ex, logr\u00f3 convertirse en una de las actrices m\u00e1s destacadas en el cine mexicano.<\/h4>\n<p>La actriz Karla Souza, famosa por haber participado en la pel\u00edcula Nosotros los nobles y Que culpa tiene el ni\u00f1o, se mof\u00f3 de uno de sus ex novios despu\u00e9s de que record\u00f3 que la limitaba en su sue\u00f1o de ser actriz.<\/p>\n<p>Karla Olivares Souza, nombre completo de Karla\u00a0Souza es es una famosa, actriz y cantante. Naci\u00f3 el\u00a011 de diciembre de 1985 en la Ciudad de M\u00e9xico, M\u00e9xico.<\/p>\n<p>De padre chileno y madre mexicana, Souza tiene un hermano gemelo llamado Jer\u00f3nimo y una hermana, M\u00f3nica, quien tiene una hija, su sobrina M\u00eda, adem\u00e1s de algunos medios hermanos por parte de su pap\u00e1.<\/p>\n<p>En una conferencia de prensa, durante su participaci\u00f3n en el Sports Summit, realizado el 4 de julio de 2024, la actriz record\u00f3 que una de sus ex parejas intent\u00f3 limitarla en su carrera como actriz.<\/p>\n<p>\u00abYo estaba muy enamorada y todo, pero se me sal\u00edan las l\u00e1grimas de la cara, me quemaba la cara del coraje de que no aceptaran mi sue\u00f1o\u00bb, dijo la querida actriz.<\/p>\n<p>De acuerdo con la famosa, pese a que en ese momento se encontraba enamorada, nunca le hizo caso a su ex novio porque ten\u00eda un sue\u00f1o, lleno de pasi\u00f3n que ansiaba con conseguir.<\/p>\n<p>\u00abCreo que todos tenemos ese sue\u00f1o, todos tenemos esa pasi\u00f3n que se nos da desde que nacemos y que traten de moldearte o que traten de callarte, de llevarte por otro lado. Mi personalidad no lo permiti\u00f3\u201d, expres\u00f3.<br \/>\nUn reportero cuestion\u00f3 a la actriz sobre si alg\u00fan d\u00eda se arrepinti\u00f3 de haber preferido su carrera sobre su relaci\u00f3n por lo que la actriz contest\u00f3 contundente que no, pero si hubo momentos en los que se cuestion\u00f3 si \u00e9l se sorprendi\u00f3 por lo que ella consigui\u00f3 lograr.<\/p>\n<p>\u00abSi tu motivaci\u00f3n es que tu novio se arrepienta de haberte cortado&#8230; \u00c9l juraba que yo no iba a poder ser madre y ser actriz y ahora que ya tuve a mi tercer beb\u00e9, es como: &#8216;\u00bfqu\u00e9 pas\u00f3?&#8217;. Soy actriz y soy madre y tambi\u00e9n puedo ser otras cosas\u00bb.<\/p>\n","protected":false},"excerpt":{"rendered":"<p>La actriz demostr\u00f3 que, pese a los malos comentarios de su ex, logr\u00f3 convertirse en una de las actrices m\u00e1s destacadas en el cine mexicano. La actriz Karla Souza, famosa por haber participado en la pel\u00edcula Nosotros los nobles y Que culpa tiene el ni\u00f1o, se mof\u00f3 de uno de sus ex novios despu\u00e9s de [&hellip;]<\/p>\n","protected":false},"author":1,"featured_media":34173,"comment_status":"open","ping_status":"closed","sticky":false,"template":"","format":"standard","meta":{"footnotes":""},"categories":[3],"tags":[],"class_list":["post-34171","post","type-post","status-publish","format-standard","has-post-thumbnail","hentry","category-espectaculos"],"_links":{"self":[{"href":"https:\/\/solidaridadnews.com\/index.php?rest_route=\/wp\/v2\/posts\/34171","targetHints":{"allow":["GET"]}}],"collection":[{"href":"https:\/\/solidaridadnews.com\/index.php?rest_route=\/wp\/v2\/posts"}],"about":[{"href":"https:\/\/solidaridadnews.com\/index.php?rest_route=\/wp\/v2\/types\/post"}],"author":[{"embeddable":true,"href":"https:\/\/solidaridadnews.com\/index.php?rest_route=\/wp\/v2\/users\/1"}],"replies":[{"embeddable":true,"href":"https:\/\/solidaridadnews.com\/index.php?rest_route=%2Fwp%2Fv2%2Fcomments&post=34171"}],"version-history":[{"count":1,"href":"https:\/\/solidaridadnews.com\/index.php?rest_route=\/wp\/v2\/posts\/34171\/revisions"}],"predecessor-version":[{"id":34172,"href":"https:\/\/solidaridadnews.com\/index.php?rest_route=\/wp\/v2\/posts\/34171\/revisions\/34172"}],"wp:featuredmedia":[{"embeddable":true,"href":"https:\/\/solidaridadnews.com\/index.php?rest_route=\/wp\/v2\/media\/34173"}],"wp:attachment":[{"href":"https:\/\/solidaridadnews.com\/index.php?rest_route=%2Fwp%2Fv2%2Fmedia&parent=34171"}],"wp:term":[{"taxonomy":"category","embeddable":true,"href":"https:\/\/solidaridadnews.com\/index.php?rest_route=%2Fwp%2Fv2%2Fcategories&post=34171"},{"taxonomy":"post_tag","embeddable":true,"href":"https:\/\/solidaridadnews.com\/index.php?rest_route=%2Fwp%2Fv2%2Ftags&post=34171"}],"curies":[{"name":"wp","href":"https:\/\/api.w.org\/{rel}","templated":true}]}}